{"id":32273,"date":"2009-10-25T21:21:27","date_gmt":"2009-10-25T21:21:27","guid":{"rendered":"http:\/\/www.pcnen.com\/portal\/?p=32273"},"modified":"2009-10-25T21:21:27","modified_gmt":"2009-10-25T21:21:27","slug":"veljovic-ce-krajem-mjeseca-posjetiti-pristinu","status":"publish","type":"post","link":"https:\/\/www.pcnen.com\/portal\/2009\/10\/25\/veljovic-ce-krajem-mjeseca-posjetiti-pristinu\/","title":{"rendered":"Veljovi\u0107 \u0107e krajem mjeseca posjetiti Pri\u0161tinu"},"content":{"rendered":"<p>Direktor Uprave policije Crne Gore Veselin Veljovi\u0107 posjeti\u0107e krajem oktobra Pri&scaron;tinu, a jedna od tema razgovora sa tamo&scaron;njim zvani\u010dnicima bi\u0107e i razgrani\u010denje, pi&scaron;u <em><a href=\"http:\/\/www.novosti.rs\/code\/navigate.php?Id=129&amp;status=jedna&amp;vest=160780&amp;title_add=Na%20%C4%8Cakoru%20nova%20rampa&amp;kword_add=crna%20gora%2C%20granica%20sa%20kosovom\">Ve\u010dernje Novosti<\/a><\/em> u online izdanju.<\/p>\n<p>Kako pi&scaron;e list, u javnosti se pretpostavlja da \u0107e taj dogovor biti osnova za potpisivanje sporazuma o demarkaciji granice koji \u0107e Crna Gora, kako je najavljeno, uskoro potpisati i sa svim drugim susjednim dr\u017eavama. <\/p>\n","protected":false},"excerpt":{"rendered":"<p>Direktor Uprave policije Crne Gore Veselin Veljovi\u0107 posjeti\u0107e krajem oktobra Pri&scaron;tinu, a jedna od tema razgovora sa tamo&scaron;njim zvani\u010dnicima bi\u0107e i razgrani\u010denje, pi&scaron;u Ve\u010dernje Novosti u online izdanju. Kako pi&scaron;e list, u javnosti se pretpostavlja da \u0107e taj dogovor biti osnova za potpisivanje sporazuma o demarkaciji granice koji \u0107e Crna Gora, kako je najavljeno, uskoro [&hellip;]<\/p>\n","protected":false},"author":1,"featured_media":0,"comment_status":"open","ping_status":"closed","sticky":false,"template":"","format":"standard","meta":{"_seopress_robots_primary_cat":"","_seopress_titles_title":"","_seopress_titles_desc":"","_seopress_robots_index":"","_et_pb_use_builder":"","_et_pb_old_content":"","_et_gb_content_width":"","inline_featured_image":false,"footnotes":""},"categories":[14],"tags":[],"class_list":["post-32273","post","type-post","status-publish","format-standard","hentry","category-vijesti"],"_links":{"self":[{"href":"https:\/\/www.pcnen.com\/portal\/wp-json\/wp\/v2\/posts\/32273","targetHints":{"allow":["GET"]}}],"collection":[{"href":"https:\/\/www.pcnen.com\/portal\/wp-json\/wp\/v2\/posts"}],"about":[{"href":"https:\/\/www.pcnen.com\/portal\/wp-json\/wp\/v2\/types\/post"}],"author":[{"embeddable":true,"href":"https:\/\/www.pcnen.com\/portal\/wp-json\/wp\/v2\/users\/1"}],"replies":[{"embeddable":true,"href":"https:\/\/www.pcnen.com\/portal\/wp-json\/wp\/v2\/comments?post=32273"}],"version-history":[{"count":0,"href":"https:\/\/www.pcnen.com\/portal\/wp-json\/wp\/v2\/posts\/32273\/revisions"}],"wp:attachment":[{"href":"https:\/\/www.pcnen.com\/portal\/wp-json\/wp\/v2\/media?parent=32273"}],"wp:term":[{"taxonomy":"category","embeddable":true,"href":"https:\/\/www.pcnen.com\/portal\/wp-json\/wp\/v2\/categories?post=32273"},{"taxonomy":"post_tag","embeddable":true,"href":"https:\/\/www.pcnen.com\/portal\/wp-json\/wp\/v2\/tags?post=32273"}],"curies":[{"name":"wp","href":"https:\/\/api.w.org\/{rel}","templated":true}]}}