{"id":32272,"date":"2009-10-25T21:16:22","date_gmt":"2009-10-25T21:16:22","guid":{"rendered":"http:\/\/www.pcnen.com\/portal\/?p=32272"},"modified":"2009-10-25T21:16:22","modified_gmt":"2009-10-25T21:16:22","slug":"gradice-se-novi-granicni-prelaz-sa-kosovom","status":"publish","type":"post","link":"https:\/\/www.pcnen.com\/portal\/2009\/10\/25\/gradice-se-novi-granicni-prelaz-sa-kosovom\/","title":{"rendered":"Gradi\u0107e se novi grani\u010dni prelaz sa Kosovom"},"content":{"rendered":"<p>Crna Gora \u0107e uskoro otvoriti novi grani\u010dni prelaz prema Kosovu, saznaju &nbsp;<a href=\"http:\/\/www.novosti.rs\/code\/navigate.php?Id=129&amp;status=jedna&amp;vest=160780&amp;title_add=Na%20%C4%8Cakoru%20nova%20rampa&amp;kword_add=crna%20gora%2C%20granica%20sa%20kosovom\"><em>Ve\u010dernje Novosti<\/em><\/a>.<\/p>\n<p>Prelaz, i to zajedni\u010dki sa vlastima Kosova, bi\u0107e otvoren najverovatnije na \u010cakoru, na putu Murino &#8211; Pe\u0107, u mjestu Bjeluha, ne&scaron;to ispod sada&scaron;nje &quot;crvene crte&quot; izme\u0111u Crne Gore i Kosova, i to slede\u0107e godine, mada su radovi na infrastrukturi trebalo da budu zavr&scaron;eni tokom ove godine.<\/p>\n<p>Otvaranje grani\u010dnog prelaza i aktiviranje starog putnog pravca, za list je potvrdio i Skender &Scaron;arkinovi\u0107, predsjednik op&scaron;tine Plav.<\/p>\n<p>Put Murino &#8211; \u010cakor &#8211; Pe\u0107, najkra\u0107a veza Crne Gore sa Kosovom, zatvorena je za sve vrste saobra\u0107aja poslije ratnih dejstava 1999. godine. <\/p>\n<p>Sada do Plava, Andrijevice ili Berana, umjesto najkra\u0107im putem preko \u010cakora, oni koji na put kre\u0107u iz Makedonije ili sa Kosova moraju preko Kule. <\/p>\n","protected":false},"excerpt":{"rendered":"<p>Crna Gora \u0107e uskoro otvoriti novi grani\u010dni prelaz prema Kosovu, saznaju &nbsp;Ve\u010dernje Novosti. Prelaz, i to zajedni\u010dki sa vlastima Kosova, bi\u0107e otvoren najverovatnije na \u010cakoru, na putu Murino &#8211; Pe\u0107, u mjestu Bjeluha, ne&scaron;to ispod sada&scaron;nje &quot;crvene crte&quot; izme\u0111u Crne Gore i Kosova, i to slede\u0107e godine, mada su radovi na infrastrukturi trebalo da budu [&hellip;]<\/p>\n","protected":false},"author":1,"featured_media":0,"comment_status":"open","ping_status":"closed","sticky":false,"template":"","format":"standard","meta":{"_seopress_robots_primary_cat":"","_seopress_titles_title":"","_seopress_titles_desc":"","_seopress_robots_index":"","_et_pb_use_builder":"","_et_pb_old_content":"","_et_gb_content_width":"","inline_featured_image":false,"footnotes":""},"categories":[14],"tags":[],"class_list":["post-32272","post","type-post","status-publish","format-standard","hentry","category-vijesti"],"_links":{"self":[{"href":"https:\/\/www.pcnen.com\/portal\/wp-json\/wp\/v2\/posts\/32272","targetHints":{"allow":["GET"]}}],"collection":[{"href":"https:\/\/www.pcnen.com\/portal\/wp-json\/wp\/v2\/posts"}],"about":[{"href":"https:\/\/www.pcnen.com\/portal\/wp-json\/wp\/v2\/types\/post"}],"author":[{"embeddable":true,"href":"https:\/\/www.pcnen.com\/portal\/wp-json\/wp\/v2\/users\/1"}],"replies":[{"embeddable":true,"href":"https:\/\/www.pcnen.com\/portal\/wp-json\/wp\/v2\/comments?post=32272"}],"version-history":[{"count":0,"href":"https:\/\/www.pcnen.com\/portal\/wp-json\/wp\/v2\/posts\/32272\/revisions"}],"wp:attachment":[{"href":"https:\/\/www.pcnen.com\/portal\/wp-json\/wp\/v2\/media?parent=32272"}],"wp:term":[{"taxonomy":"category","embeddable":true,"href":"https:\/\/www.pcnen.com\/portal\/wp-json\/wp\/v2\/categories?post=32272"},{"taxonomy":"post_tag","embeddable":true,"href":"https:\/\/www.pcnen.com\/portal\/wp-json\/wp\/v2\/tags?post=32272"}],"curies":[{"name":"wp","href":"https:\/\/api.w.org\/{rel}","templated":true}]}}