{"id":32270,"date":"2009-10-25T20:25:19","date_gmt":"2009-10-25T20:25:19","guid":{"rendered":"http:\/\/www.pcnen.com\/portal\/?p=32270"},"modified":"2009-10-25T20:25:19","modified_gmt":"2009-10-25T20:25:19","slug":"cetvoro-osumnjiceno-za-davljenje-u-tisi","status":"publish","type":"post","link":"https:\/\/www.pcnen.com\/portal\/2009\/10\/25\/cetvoro-osumnjiceno-za-davljenje-u-tisi\/","title":{"rendered":"\u010cetvoro osumnji\u010deno za davljenje u Tisi"},"content":{"rendered":"<p>Policija Kosova potvrdila je danas da je identifikovala \u010detiri osobe, osumnji\u010dene za krijum\u010darenje ljudi u slu\u010daju &quot;Tisa&quot; i za njima je izdat nalog za hap&scaron;enje. <\/p>\n<p>&quot;Zahvaljaju\u0107i bliskoj saradnji sa policijskim autoritetima Ma\u0111arske i intenzivnoj istrazi, policija Kosova je ve\u0107 identifikovala \u010detiri osumnji\u010dena za trgovinu ljudima, za koje su kompetentni sudski organi ve\u0107 izdali nalog za hap&scaron;enje&quot;, saop&scaron;tila je policija. <\/p>\n<p>Kako je prenijela agencija <em>Beta<\/em>, u saop&scaron;tenju se dodaje da su osumnji\u010deni iz &quot;\u010detiri razli\u010dita regiona Kosova&quot;, ali se ne precizira koja. <\/p>\n<p>Policija nije potvrdila informacije medija u Pri&scaron;tini da je jedan od osumnji\u010denih ve\u0107 uhap&scaron;en. <\/p>\n<p>Saop&scaron;teno je da su dva policijska zvani\u010dnika iz jedinica za istragu zajedno sa tu\u017eiteljem koji je odgovoran za slu\u010daj &quot;Tise&quot; ve\u0107 otputovali za Ma\u0111arsku. <\/p>\n<p>Vi&scaron;e osoba sa Kosova 16. oktobra se utopilo u Tisi na teritoriji Ma\u0111arske prilikom poku&scaron;aja ilegalnog prelaska granice. <\/p>\n","protected":false},"excerpt":{"rendered":"<p>Policija Kosova potvrdila je danas da je identifikovala \u010detiri osobe, osumnji\u010dene za krijum\u010darenje ljudi u slu\u010daju &quot;Tisa&quot; i za njima je izdat nalog za hap&scaron;enje. &quot;Zahvaljaju\u0107i bliskoj saradnji sa policijskim autoritetima Ma\u0111arske i intenzivnoj istrazi, policija Kosova je ve\u0107 identifikovala \u010detiri osumnji\u010dena za trgovinu ljudima, za koje su kompetentni sudski organi ve\u0107 izdali nalog za [&hellip;]<\/p>\n","protected":false},"author":1,"featured_media":0,"comment_status":"open","ping_status":"closed","sticky":false,"template":"","format":"standard","meta":{"_seopress_robots_primary_cat":"","_seopress_titles_title":"","_seopress_titles_desc":"","_seopress_robots_index":"","_et_pb_use_builder":"","_et_pb_old_content":"","_et_gb_content_width":"","inline_featured_image":false,"footnotes":""},"categories":[14],"tags":[],"class_list":["post-32270","post","type-post","status-publish","format-standard","hentry","category-vijesti"],"_links":{"self":[{"href":"https:\/\/www.pcnen.com\/portal\/wp-json\/wp\/v2\/posts\/32270","targetHints":{"allow":["GET"]}}],"collection":[{"href":"https:\/\/www.pcnen.com\/portal\/wp-json\/wp\/v2\/posts"}],"about":[{"href":"https:\/\/www.pcnen.com\/portal\/wp-json\/wp\/v2\/types\/post"}],"author":[{"embeddable":true,"href":"https:\/\/www.pcnen.com\/portal\/wp-json\/wp\/v2\/users\/1"}],"replies":[{"embeddable":true,"href":"https:\/\/www.pcnen.com\/portal\/wp-json\/wp\/v2\/comments?post=32270"}],"version-history":[{"count":0,"href":"https:\/\/www.pcnen.com\/portal\/wp-json\/wp\/v2\/posts\/32270\/revisions"}],"wp:attachment":[{"href":"https:\/\/www.pcnen.com\/portal\/wp-json\/wp\/v2\/media?parent=32270"}],"wp:term":[{"taxonomy":"category","embeddable":true,"href":"https:\/\/www.pcnen.com\/portal\/wp-json\/wp\/v2\/categories?post=32270"},{"taxonomy":"post_tag","embeddable":true,"href":"https:\/\/www.pcnen.com\/portal\/wp-json\/wp\/v2\/tags?post=32270"}],"curies":[{"name":"wp","href":"https:\/\/api.w.org\/{rel}","templated":true}]}}