{"id":32261,"date":"2009-10-25T11:41:02","date_gmt":"2009-10-25T11:41:02","guid":{"rendered":"http:\/\/www.pcnen.com\/portal\/?p=32261"},"modified":"2009-10-25T11:41:02","modified_gmt":"2009-10-25T11:41:02","slug":"evropski-desnicari-formirali-savez-protiv-eu","status":"publish","type":"post","link":"https:\/\/www.pcnen.com\/portal\/2009\/10\/25\/evropski-desnicari-formirali-savez-protiv-eu\/","title":{"rendered":"Evropski desni\u010dari formirali savez protiv EU"},"content":{"rendered":"<p>Pet ekstremno desni\u010darskih evropskih partija formiralo je u Ma\u0111arskoj Savez nacionalnih evropskih pokreta sa ciljem da se suprotstave Evropskoj uniji. <\/p>\n<p>Na skupu u Budimpe&scaron;ti, gdje je Savez formiran, u\u010destvovali su predstavnici stranaka ekstremne desnice iz Ma\u0111arske &#8211; <em>Jobik<\/em>, Francuske &#8211; <em>Nacionalni front<\/em>, Belgije &#8211; <em>Nacionalni front<\/em>, Italije &#8211; <em>Fiama Trikolore<\/em> i &Scaron;vedske &#8211; <em>Nacionalna demokratska partija<\/em>.<\/p>\n<p>U saop&scaron;tenju <em>Jobika<\/em> navodi se da novi savez ima namjeru da &quot;za&scaron;titi Evropu od vjerskog, politi\u010dkog, ekonomskog i finansijskog imperijalizma&quot;. &quot;Savez \u0107e postati zvani\u010dna evropska partija i bi\u0107e registrovan u Belgiji ili Strazburu&quot;, rekao je potpredsjednik Jobika i evropski parlamentarac Zoltan Bal&scaron;ko, javlja <a href=\"http:\/\/www.dw-world.de\/dw\/article\/0,,4823024,00.html\"><em>Doj\u010de vele<\/em>.<\/a><\/p>\n","protected":false},"excerpt":{"rendered":"<p>Pet ekstremno desni\u010darskih evropskih partija formiralo je u Ma\u0111arskoj Savez nacionalnih evropskih pokreta sa ciljem da se suprotstave Evropskoj uniji. Na skupu u Budimpe&scaron;ti, gdje je Savez formiran, u\u010destvovali su predstavnici stranaka ekstremne desnice iz Ma\u0111arske &#8211; Jobik, Francuske &#8211; Nacionalni front, Belgije &#8211; Nacionalni front, Italije &#8211; Fiama Trikolore i &Scaron;vedske &#8211; Nacionalna demokratska [&hellip;]<\/p>\n","protected":false},"author":1,"featured_media":0,"comment_status":"open","ping_status":"closed","sticky":false,"template":"","format":"standard","meta":{"_seopress_robots_primary_cat":"","_seopress_titles_title":"","_seopress_titles_desc":"","_seopress_robots_index":"","_et_pb_use_builder":"","_et_pb_old_content":"","_et_gb_content_width":"","inline_featured_image":false,"footnotes":""},"categories":[14],"tags":[],"class_list":["post-32261","post","type-post","status-publish","format-standard","hentry","category-vijesti"],"_links":{"self":[{"href":"https:\/\/www.pcnen.com\/portal\/wp-json\/wp\/v2\/posts\/32261","targetHints":{"allow":["GET"]}}],"collection":[{"href":"https:\/\/www.pcnen.com\/portal\/wp-json\/wp\/v2\/posts"}],"about":[{"href":"https:\/\/www.pcnen.com\/portal\/wp-json\/wp\/v2\/types\/post"}],"author":[{"embeddable":true,"href":"https:\/\/www.pcnen.com\/portal\/wp-json\/wp\/v2\/users\/1"}],"replies":[{"embeddable":true,"href":"https:\/\/www.pcnen.com\/portal\/wp-json\/wp\/v2\/comments?post=32261"}],"version-history":[{"count":0,"href":"https:\/\/www.pcnen.com\/portal\/wp-json\/wp\/v2\/posts\/32261\/revisions"}],"wp:attachment":[{"href":"https:\/\/www.pcnen.com\/portal\/wp-json\/wp\/v2\/media?parent=32261"}],"wp:term":[{"taxonomy":"category","embeddable":true,"href":"https:\/\/www.pcnen.com\/portal\/wp-json\/wp\/v2\/categories?post=32261"},{"taxonomy":"post_tag","embeddable":true,"href":"https:\/\/www.pcnen.com\/portal\/wp-json\/wp\/v2\/tags?post=32261"}],"curies":[{"name":"wp","href":"https:\/\/api.w.org\/{rel}","templated":true}]}}