{"id":32250,"date":"2009-10-25T09:04:03","date_gmt":"2009-10-25T09:04:03","guid":{"rendered":"http:\/\/www.pcnen.com\/portal\/?p=32250"},"modified":"2009-10-25T09:04:03","modified_gmt":"2009-10-25T09:04:03","slug":"od-danas-svice-ranije","status":"publish","type":"post","link":"https:\/\/www.pcnen.com\/portal\/2009\/10\/25\/od-danas-svice-ranije\/","title":{"rendered":"Od danas svi\u0107e ranije"},"content":{"rendered":"<p>Ljetnje ra\u010dunanje vremena po\u010de\u0107e ponovo 28. marta 2010. godine.<\/p>\n<p>Ljetnje ra\u010dunanje vremena je kod nas prvi put uvedeno 27. marta 1983. godine. <\/p>\n<p>Pomjeranje kazaljki u zapadnoj Evropi je uvedeno po\u010detkom sedamdesetih godina, uz obrazlo\u017eenje da se time &quot;produ\u017eava&quot; dan, omogu\u0107uju u&scaron;tede u potro&scaron;nji elektri\u010dne energije, pove\u0107ava produktivnost, pobolj&scaron;ava prilago\u0111avanje ljudi i radni dan \u010dini efikasnijim. <\/p>\n<p>Ideja prelaska na ljetne ra\u010dunanje vremena pripisuje se ameri\u010dkom politi\u010daru i nau\u010dniku Benjaminu Franklinu, koji je 1784. godine do&scaron;ao do zaklju\u010dka da bi bolje uskla\u0111ivanje ljudskih aktivnosti s ritmom dnevnog svijetla moglo donijeti u&scaron;tedu na grijanju i rasvjeti.<\/p>\n<p>Istra\u017eivanja vo\u0111ena 70-ih godina pro&scaron;log vijeka su mu dala za pravo. <\/p>\n","protected":false},"excerpt":{"rendered":"<p>Od danas&nbsp;\u0107e sat ranije svitati, ali \u0107e se ranije i smrkavati, po&scaron;to je&nbsp;Evropa &#8211; a i mi sa njom &#8211; pre&scaron;la na zimsko ra\u010dunanje vremena od tri sata iza pono\u0107i, kada smo kazaljke&nbsp;pomjerili sat unazad. <\/p>\n","protected":false},"author":1,"featured_media":0,"comment_status":"open","ping_status":"closed","sticky":false,"template":"","format":"standard","meta":{"_seopress_robots_primary_cat":"","_seopress_titles_title":"","_seopress_titles_desc":"","_seopress_robots_index":"","_et_pb_use_builder":"","_et_pb_old_content":"","_et_gb_content_width":"","inline_featured_image":false,"footnotes":""},"categories":[14],"tags":[],"class_list":["post-32250","post","type-post","status-publish","format-standard","hentry","category-vijesti"],"_links":{"self":[{"href":"https:\/\/www.pcnen.com\/portal\/wp-json\/wp\/v2\/posts\/32250","targetHints":{"allow":["GET"]}}],"collection":[{"href":"https:\/\/www.pcnen.com\/portal\/wp-json\/wp\/v2\/posts"}],"about":[{"href":"https:\/\/www.pcnen.com\/portal\/wp-json\/wp\/v2\/types\/post"}],"author":[{"embeddable":true,"href":"https:\/\/www.pcnen.com\/portal\/wp-json\/wp\/v2\/users\/1"}],"replies":[{"embeddable":true,"href":"https:\/\/www.pcnen.com\/portal\/wp-json\/wp\/v2\/comments?post=32250"}],"version-history":[{"count":0,"href":"https:\/\/www.pcnen.com\/portal\/wp-json\/wp\/v2\/posts\/32250\/revisions"}],"wp:attachment":[{"href":"https:\/\/www.pcnen.com\/portal\/wp-json\/wp\/v2\/media?parent=32250"}],"wp:term":[{"taxonomy":"category","embeddable":true,"href":"https:\/\/www.pcnen.com\/portal\/wp-json\/wp\/v2\/categories?post=32250"},{"taxonomy":"post_tag","embeddable":true,"href":"https:\/\/www.pcnen.com\/portal\/wp-json\/wp\/v2\/tags?post=32250"}],"curies":[{"name":"wp","href":"https:\/\/api.w.org\/{rel}","templated":true}]}}