{"id":32246,"date":"2009-10-24T12:47:12","date_gmt":"2009-10-24T12:47:12","guid":{"rendered":"http:\/\/www.pcnen.com\/portal\/?p=32246"},"modified":"2009-10-24T12:47:12","modified_gmt":"2009-10-24T12:47:12","slug":"rs-podnijela-krivicne-pri%d1%98ave-za-ratne-zlocine-protiv-6-000-osoba","status":"publish","type":"post","link":"https:\/\/www.pcnen.com\/portal\/2009\/10\/24\/rs-podnijela-krivicne-pri%d1%98ave-za-ratne-zlocine-protiv-6-000-osoba\/","title":{"rendered":"RS podnijela krivi\u010dne pri\u0458ave za ratne zlo\u010dine protiv 6.000 osoba"},"content":{"rendered":"<p>Ministarstvo unutra&scaron;njih poslova Republike Srpske je podnijelo krivi\u010dne prijave protiv vi&scaron;e od 6.000 osoba za koje se sumnja da su po\u010dinila ratni zlo\u010din nad oko 22.000 Srba. <\/p>\n<p>Koordinator Tima MUP RS za istra\u017eivanje i dokumentovanje krivi\u010dnog djela ratnog zlo\u010dina Simo Tu&scaron;evljak je rekao da su prijave podnesene nadle\u017enim tu\u017eila&scaron;tvima u BiH od 4. aprila 1992. godine do sada.<\/p>\n","protected":false},"excerpt":{"rendered":"<p>Ministarstvo unutra&scaron;njih poslova Republike Srpske je podnijelo krivi\u010dne prijave protiv vi&scaron;e od 6.000 osoba za koje se sumnja da su po\u010dinila ratni zlo\u010din nad oko 22.000 Srba. Koordinator Tima MUP RS za istra\u017eivanje i dokumentovanje krivi\u010dnog djela ratnog zlo\u010dina Simo Tu&scaron;evljak je rekao da su prijave podnesene nadle\u017enim tu\u017eila&scaron;tvima u BiH od 4. aprila 1992. [&hellip;]<\/p>\n","protected":false},"author":1,"featured_media":0,"comment_status":"open","ping_status":"closed","sticky":false,"template":"","format":"standard","meta":{"_seopress_robots_primary_cat":"","_seopress_titles_title":"","_seopress_titles_desc":"","_seopress_robots_index":"","_et_pb_use_builder":"","_et_pb_old_content":"","_et_gb_content_width":"","inline_featured_image":false,"footnotes":""},"categories":[14],"tags":[],"class_list":["post-32246","post","type-post","status-publish","format-standard","hentry","category-vijesti"],"_links":{"self":[{"href":"https:\/\/www.pcnen.com\/portal\/wp-json\/wp\/v2\/posts\/32246","targetHints":{"allow":["GET"]}}],"collection":[{"href":"https:\/\/www.pcnen.com\/portal\/wp-json\/wp\/v2\/posts"}],"about":[{"href":"https:\/\/www.pcnen.com\/portal\/wp-json\/wp\/v2\/types\/post"}],"author":[{"embeddable":true,"href":"https:\/\/www.pcnen.com\/portal\/wp-json\/wp\/v2\/users\/1"}],"replies":[{"embeddable":true,"href":"https:\/\/www.pcnen.com\/portal\/wp-json\/wp\/v2\/comments?post=32246"}],"version-history":[{"count":0,"href":"https:\/\/www.pcnen.com\/portal\/wp-json\/wp\/v2\/posts\/32246\/revisions"}],"wp:attachment":[{"href":"https:\/\/www.pcnen.com\/portal\/wp-json\/wp\/v2\/media?parent=32246"}],"wp:term":[{"taxonomy":"category","embeddable":true,"href":"https:\/\/www.pcnen.com\/portal\/wp-json\/wp\/v2\/categories?post=32246"},{"taxonomy":"post_tag","embeddable":true,"href":"https:\/\/www.pcnen.com\/portal\/wp-json\/wp\/v2\/tags?post=32246"}],"curies":[{"name":"wp","href":"https:\/\/api.w.org\/{rel}","templated":true}]}}