{"id":322444,"date":"2021-06-25T17:56:02","date_gmt":"2021-06-25T15:56:02","guid":{"rendered":"https:\/\/www.pcnen.com\/portal\/?p=322444"},"modified":"2021-06-25T17:56:02","modified_gmt":"2021-06-25T15:56:02","slug":"pregovori","status":"publish","type":"post","link":"https:\/\/www.pcnen.com\/portal\/2021\/06\/25\/pregovori\/","title":{"rendered":"Pregovori"},"content":{"rendered":"<p>Samo par dana poslije izbora na kojima je uspostavljena nova parlamentarna ve\u0107ina, krenuli su problemi i opstrukcije jednog njenog dijela oko formiranja nove Vlade. Zbog toga je, tek nakon tri mjeseca od izbora, Vlada formirana. Od tada se problemi uslo\u017enjavaju, a DF je Vladu, najprije donekle skriveno, zatim potpuno otvoreno opstruirao.<\/p>\n<p>Na talasu srpskog i crkvenog nacionalionalizma Zdravko Krivokapi\u0107 je formirao Vladu u kojoj ekstremista nije falilo. Takvim izborom, pogotovu savjetnika, sekretara i \u0161efova kabineta, te retorikom i nastupima koja ne prili\u010di sekularnoj ve\u0107 crkvenoj dr\u017eavi, Krivokapi\u0107eva Vlada je dobila oponente i kod onog dijela gra\u0111ana koji su se decenijama borili za smjenu prethodne vlasti, a dru\u0161tvo je postalo jo\u0161 podjeljenije nego prije.<\/p>\n<p>Po difoltu za sve je optu\u017eivan DPS i \u201eudba\u201c, iako je bilo o\u010digledno da je nova vlast umjesto pomirenja ponudila srpsko-crkveni nacionalizam i ekstremizam, na koji je odgovoreno kontra nacionalizmom i ekstremizmom.<\/p>\n<p>Umjesto prijatelja, Krivokapi\u0107eva Vlada je \u0161irila krug svojih oponenata i neprijatelja. Umjesto da uklju\u010di manjine u novu vlast, ona ih je marginalizovala i potpuno izop\u0161tila iz nje.<\/p>\n<p>Uporedo, pritisak DF-a na Vladu je svakim danom sve vi\u0161e rastao, sakriven pod pla\u0161tom agresivnog nacionalizma i DF srpstva. O\u010digledan cilj DF-a je bio da sru\u0161i Vladu ili je preuzme, po nalogu njihovog mentora Vu\u010di\u0107a.<\/p>\n<p>Poslednjih sedmica smo do\u0161li u situaciju da DF svakodnevno saop\u0161tenjima \u201eobara\u201c Vladu, da se prijeti \u010dak protestima protiv nje, iako je mo\u017ee sru\u0161iti odmah i veoma jednostavno \u2013 tra\u017eenjem glasanja o njenom povjerenju.<\/p>\n<p>Uporedo sa time \u0161to svakodnevno retori\u010dki ru\u0161i Vladu, svoje partijske kadrove istom \u017eestinom namje\u0161ta na rukovode\u0107a mjesta \u201epo dubini\u201c. Tako, jedan od lidera DF-a, Medojevi\u0107, prije podne najte\u017ee optu\u017euje novu Vladu tvrde\u0107i da ona vi\u0161e nema njegovu podr\u0161ku, da \u00a0bi poslije podne istog dana tra\u017eio od nje funkciju za sebe.<\/p>\n<p>Uglavnom, Vlada je od formiranja stalno nestabilna, \u010desto blokirana od strane dijela nove parlamentarne ve\u0107ine. Vi\u0161e niko ne zna dali ona ima podr\u0161ku te ve\u0107ine, ali i dalje nekako funkcioni\u0161e.<\/p>\n<p>Vlada sve vi\u0161e li\u010di na neizle\u010divog i umiru\u0107eg pacijenta, a takav bolesnik sigurno ne mo\u017ee realizovati planove koje je pravio za sebe dok je mislio da je zdrav. Zato bi najbolje bilo da takav pacijent \u0161to prije umre, ne mu\u010de\u0107i ni sebe ni druge.<\/p>\n<p>DF iz dana u dan testira reakciju javnog mnjenja na najave obaranja Vlade. Kako su one uglavnom negativne, iscrpljuje Vladu i Krivokapi\u0107a glo\u0111u\u0107i ih sa svih strana.<\/p>\n<p>Opozicija, \u201ekomite\u201c, \u00a0manjine i ve\u0107ine drugih Krivokapi\u0107evih oponenata je utihnula, posmatraju\u0107i me\u0111usobnu borbu dva vladau\u0107a srpstva: jednog \u201epatriotskog\u201c i drugog \u201eizdajni\u010dkog\u201c.<\/p>\n<p>Mnogi od pometuih Krivokapi\u0107evi\u0107vih protivnika &#8211; na tren bar, \u201ezaboravili\u201c su na Krivokapi\u0107ev kleronacionalizam, tiho posmatraju\u0107i borbu izme\u0111u \u201eludila\u201c DF-a &#8211; koje je sve samo ne ludilo \u2013 kako mnogi misle. Jer DF samo odra\u0111uje zadatak koji im je zadao Vu\u010di\u0107, a da li se Vu\u010di\u0107evi interesi poklapaju sa interesima \u0110ukanovi\u0107a &#8211; ostaje nam da naga\u0111amo.<\/p>\n<p>Da bi dodatno oslabili poziciju Krivokapi\u0107a, Demokratski front je pozvao druge partije iz parlamentarne ve\u0107ine na pregovore o prevazila\u017eenju krize, tobo\u017enjem druga\u010dijem ustrojstvu Vlade i promjenu premijera \u2013 svog nosioca liste na prethodnim izborima (da podsjetim). Ti pregovori su pokrenuti, ne da bi se pregovaralo i na\u0161ao dogovor, ve\u0107 da bi se preko njih dodatno opstruirali Vlada i premijer, te da bi se produbio sukob sa\u00a0 URA-om i Demokratama koji podr\u017eavaju premijera, optu\u017ee se za njihovu propast, a sve u i\u0161\u010dekivanju pravog \u00a0trenutka za formalizovanja otkazivanja podr\u0161ke Vladi. Demokrate i URA to dobro znaju, te su \u201epregovori\u201c samo predstava i igra za javnost.<\/p>\n<p>Kao jedan od pregovara\u010da u ime pokreta \u201eOdupri se\u201c za vrijeme trajanja protesta, veoma dobro znam kako izgledaju pregovori kada se njima, u stvari, \u017eeli ne\u0161to sru\u0161iti, pregovori \u010diji je cilj da do dogovora ne do\u0111e.<\/p>\n<p>Uz sve to, Krivokapi\u0107 \u0107e uporedo imati veoma jaku opoziciju u ekstremistima u Vladi koje je smjenio, a koje je sam birao. Oni \u0107e poku\u0161ati da ga ocrne i proglase izdajnikom srpstva mo\u017eda vi\u0161e i od samog DF-a. No, to je jo\u0161 jedan od problema koje je Krivokapi\u0107 sam stvorio i za koje je sam kriv.<\/p>\n<p>Uglavnom, poslije dvjesta dana rada Vlade imamo njenu permanentnu nestabilnost, neku vrstu bezvla\u0161\u0107a \u010dak, a na predizborna obe\u0107anja kao \u0161to su lustracija, zakon o porijeklu imovine, uspostava pravne dr\u017eave i hap\u0161enje \u201ekrupnih riba\u201c, stru\u010dno a ne partijsko zapo\u0161ljavanje, smanjenje glomaznog dr\u017eavnog aparata, ekonomski oporavak, rasprodaja ogromnog voznog parka, dono\u0161enje novog seta izbornih zakona&#8230; \u2013 vi\u0161e se niko ne osvr\u0107e.<\/p>\n<p>Ova Vlada zato treba da ode \u0161to prije. Ali ne zbog onog \u0161to joj zamjera DF, ve\u0107 zbog neispunjavanja izbornih obe\u0107anja, \u010demu je jednim dijelom doprinio upravo DF svojim stalnim opstrukcijama njenog funkcionisanja.<\/p>\n","protected":false},"excerpt":{"rendered":"<p>Pi\u0161e: Omer \u0160ARKI\u0106<\/p>\n","protected":false},"author":12,"featured_media":286086,"comment_status":"open","ping_status":"closed","sticky":false,"template":"","format":"standard","meta":{"_seopress_robots_primary_cat":"","_seopress_titles_title":"","_seopress_titles_desc":"","_seopress_robots_index":"","_et_pb_use_builder":"","_et_pb_old_content":"","_et_gb_content_width":"","inline_featured_image":false,"footnotes":""},"categories":[17],"tags":[],"class_list":["post-322444","post","type-post","status-publish","format-standard","has-post-thumbnail","hentry","category-blogovi"],"_links":{"self":[{"href":"https:\/\/www.pcnen.com\/portal\/wp-json\/wp\/v2\/posts\/322444","targetHints":{"allow":["GET"]}}],"collection":[{"href":"https:\/\/www.pcnen.com\/portal\/wp-json\/wp\/v2\/posts"}],"about":[{"href":"https:\/\/www.pcnen.com\/portal\/wp-json\/wp\/v2\/types\/post"}],"author":[{"embeddable":true,"href":"https:\/\/www.pcnen.com\/portal\/wp-json\/wp\/v2\/users\/12"}],"replies":[{"embeddable":true,"href":"https:\/\/www.pcnen.com\/portal\/wp-json\/wp\/v2\/comments?post=322444"}],"version-history":[{"count":3,"href":"https:\/\/www.pcnen.com\/portal\/wp-json\/wp\/v2\/posts\/322444\/revisions"}],"predecessor-version":[{"id":322457,"href":"https:\/\/www.pcnen.com\/portal\/wp-json\/wp\/v2\/posts\/322444\/revisions\/322457"}],"wp:featuredmedia":[{"embeddable":true,"href":"https:\/\/www.pcnen.com\/portal\/wp-json\/wp\/v2\/media\/286086"}],"wp:attachment":[{"href":"https:\/\/www.pcnen.com\/portal\/wp-json\/wp\/v2\/media?parent=322444"}],"wp:term":[{"taxonomy":"category","embeddable":true,"href":"https:\/\/www.pcnen.com\/portal\/wp-json\/wp\/v2\/categories?post=322444"},{"taxonomy":"post_tag","embeddable":true,"href":"https:\/\/www.pcnen.com\/portal\/wp-json\/wp\/v2\/tags?post=322444"}],"curies":[{"name":"wp","href":"https:\/\/api.w.org\/{rel}","templated":true}]}}