{"id":32244,"date":"2009-10-24T11:57:25","date_gmt":"2009-10-24T11:57:25","guid":{"rendered":"http:\/\/www.pcnen.com\/portal\/?p=32244"},"modified":"2009-10-24T11:57:25","modified_gmt":"2009-10-24T11:57:25","slug":"skup-o-regionalnom-centru-za-vanredne-situacije","status":"publish","type":"post","link":"https:\/\/www.pcnen.com\/portal\/2009\/10\/24\/skup-o-regionalnom-centru-za-vanredne-situacije\/","title":{"rendered":"Skup o regionalnom centru za vanredne situacije"},"content":{"rendered":"<p>Na\u010delnik Sektora Ministarstva unutra&scaron;njih poslova Srbije za vanredne situacije Predrag Mari\u0107 najavio je da \u0107e u februaru u Beogradu biti odr\u017eana ministarska konferencija o osnivanju regionalnog centra za vanredne situacije u jugoisto\u010dnoj Evropi, \u010dije bi sjedi&scaron;te bilo u Ni&scaron;u.<\/p>\n<p>&quot;Ideja je da sve zemlje (u regionu) koje manje vi&scaron;e kubure sa istim problemima &#8211; nedostatkom tehnike i ljudstva &#8211; pru\u017ee pomo\u0107 jedni drugima kada je potrebno&quot;, rekao je Mari\u0107 za agenciju Beta i dodao da \u0107e na konferenciji u\u010destvovati ministri zemalja regiona u \u010dijim ministarstvima se nalaze slu\u017ebe za reagovanje u vanrednim situacijama.<\/p>\n<p>Mari\u0107 je naveo da osnivanje tog centra ne bi trebalo da bude skupo zbog toga &scaron;to bi se koristila postoje\u0107a infrastruktura u Ni&scaron;u koji ima medjunarodni aerodrom, kao i da bi zemlje podijelile tro&scaron;kove.<\/p>\n","protected":false},"excerpt":{"rendered":"<p>Na\u010delnik Sektora Ministarstva unutra&scaron;njih poslova Srbije za vanredne situacije Predrag Mari\u0107 najavio je da \u0107e u februaru u Beogradu biti odr\u017eana ministarska konferencija o osnivanju regionalnog centra za vanredne situacije u jugoisto\u010dnoj Evropi, \u010dije bi sjedi&scaron;te bilo u Ni&scaron;u. &quot;Ideja je da sve zemlje (u regionu) koje manje vi&scaron;e kubure sa istim problemima &#8211; nedostatkom [&hellip;]<\/p>\n","protected":false},"author":1,"featured_media":0,"comment_status":"open","ping_status":"closed","sticky":false,"template":"","format":"standard","meta":{"_seopress_robots_primary_cat":"","_seopress_titles_title":"","_seopress_titles_desc":"","_seopress_robots_index":"","_et_pb_use_builder":"","_et_pb_old_content":"","_et_gb_content_width":"","inline_featured_image":false,"footnotes":""},"categories":[14],"tags":[],"class_list":["post-32244","post","type-post","status-publish","format-standard","hentry","category-vijesti"],"_links":{"self":[{"href":"https:\/\/www.pcnen.com\/portal\/wp-json\/wp\/v2\/posts\/32244","targetHints":{"allow":["GET"]}}],"collection":[{"href":"https:\/\/www.pcnen.com\/portal\/wp-json\/wp\/v2\/posts"}],"about":[{"href":"https:\/\/www.pcnen.com\/portal\/wp-json\/wp\/v2\/types\/post"}],"author":[{"embeddable":true,"href":"https:\/\/www.pcnen.com\/portal\/wp-json\/wp\/v2\/users\/1"}],"replies":[{"embeddable":true,"href":"https:\/\/www.pcnen.com\/portal\/wp-json\/wp\/v2\/comments?post=32244"}],"version-history":[{"count":0,"href":"https:\/\/www.pcnen.com\/portal\/wp-json\/wp\/v2\/posts\/32244\/revisions"}],"wp:attachment":[{"href":"https:\/\/www.pcnen.com\/portal\/wp-json\/wp\/v2\/media?parent=32244"}],"wp:term":[{"taxonomy":"category","embeddable":true,"href":"https:\/\/www.pcnen.com\/portal\/wp-json\/wp\/v2\/categories?post=32244"},{"taxonomy":"post_tag","embeddable":true,"href":"https:\/\/www.pcnen.com\/portal\/wp-json\/wp\/v2\/tags?post=32244"}],"curies":[{"name":"wp","href":"https:\/\/api.w.org\/{rel}","templated":true}]}}