{"id":32240,"date":"2009-10-23T22:49:13","date_gmt":"2009-10-23T22:49:13","guid":{"rendered":"http:\/\/www.pcnen.com\/portal\/?p=32240"},"modified":"2009-10-23T22:49:13","modified_gmt":"2009-10-23T22:49:13","slug":"mup-cg-se-oglasio-povodom-protesta-gradana-opstine-pec","status":"publish","type":"post","link":"https:\/\/www.pcnen.com\/portal\/2009\/10\/23\/mup-cg-se-oglasio-povodom-protesta-gradana-opstine-pec\/","title":{"rendered":"MUP CG se oglasio povodom protesta gra\u0111ana op\u0161tine Pe\u0107"},"content":{"rendered":"<p>Crnogorsko Ministarstvo unutra&scaron;njih poslova i javne uprave se oglasilo danas povodom protesta gra\u0111ana iz op&scaron;tine Pe\u0107 zbog postavljanja znakova obavje&scaron;tenja na grani\u010dnoj liniji izme\u0111u Crne Gore i Kosova i navodnog zauzimanja &scaron;est kilometara prostora unutar teritorije Kosova. <\/p>\n<p>Ministarstvo je saop&scaron;tilo da su znakovi obavje&scaron;tenja postavljeni na drumskim, \u017eeljezni\u010dkim, vazdu&scaron;nim i pomorskim grani\u010dnim prelazima Crne Gore, te da se na drumskim grani\u010dnim prelazima nalaze na grani\u010dnoj liniji sa susjednim dr\u017eavama. <\/p>\n<p>&quot;Znakovi obavje&scaron;tenja sa natpisom <em>Crna Gora, dobro do&scaron;li<\/em> na ulazu u Crnu Goru i <em>Crna Gora, dovi\u0111enja<\/em> na crnogorskom i engleskom jeziku postavljeni su prema svim susjednim dr\u017eavama iz pravno-administrativnih razloga. Znak obavje&scaron;tenja je postavljen i prema republici Kosovo na liniji razgrani\u010denja, u &scaron;ta se uvjerio i predstavnik op&scaron;tine Pe\u0107 u prisustvu predstavnika dr\u017eavnih organa Crne Gore i me\u0111unarodnih snaga bezbjednosti na Kosovu&quot;, saop&scaron;tilo je Ministarstvo unutra&scaron;njih poslova i javne uprave.&nbsp;&nbsp;<\/p>\n","protected":false},"excerpt":{"rendered":"<p>Crnogorsko Ministarstvo unutra&scaron;njih poslova i javne uprave se oglasilo danas povodom protesta gra\u0111ana iz op&scaron;tine Pe\u0107 zbog postavljanja znakova obavje&scaron;tenja na grani\u010dnoj liniji izme\u0111u Crne Gore i Kosova i navodnog zauzimanja &scaron;est kilometara prostora unutar teritorije Kosova. Ministarstvo je saop&scaron;tilo da su znakovi obavje&scaron;tenja postavljeni na drumskim, \u017eeljezni\u010dkim, vazdu&scaron;nim i pomorskim grani\u010dnim prelazima Crne Gore, [&hellip;]<\/p>\n","protected":false},"author":1,"featured_media":0,"comment_status":"open","ping_status":"closed","sticky":false,"template":"","format":"standard","meta":{"_seopress_robots_primary_cat":"","_seopress_titles_title":"","_seopress_titles_desc":"","_seopress_robots_index":"","_et_pb_use_builder":"","_et_pb_old_content":"","_et_gb_content_width":"","inline_featured_image":false,"footnotes":""},"categories":[14],"tags":[],"class_list":["post-32240","post","type-post","status-publish","format-standard","hentry","category-vijesti"],"_links":{"self":[{"href":"https:\/\/www.pcnen.com\/portal\/wp-json\/wp\/v2\/posts\/32240","targetHints":{"allow":["GET"]}}],"collection":[{"href":"https:\/\/www.pcnen.com\/portal\/wp-json\/wp\/v2\/posts"}],"about":[{"href":"https:\/\/www.pcnen.com\/portal\/wp-json\/wp\/v2\/types\/post"}],"author":[{"embeddable":true,"href":"https:\/\/www.pcnen.com\/portal\/wp-json\/wp\/v2\/users\/1"}],"replies":[{"embeddable":true,"href":"https:\/\/www.pcnen.com\/portal\/wp-json\/wp\/v2\/comments?post=32240"}],"version-history":[{"count":0,"href":"https:\/\/www.pcnen.com\/portal\/wp-json\/wp\/v2\/posts\/32240\/revisions"}],"wp:attachment":[{"href":"https:\/\/www.pcnen.com\/portal\/wp-json\/wp\/v2\/media?parent=32240"}],"wp:term":[{"taxonomy":"category","embeddable":true,"href":"https:\/\/www.pcnen.com\/portal\/wp-json\/wp\/v2\/categories?post=32240"},{"taxonomy":"post_tag","embeddable":true,"href":"https:\/\/www.pcnen.com\/portal\/wp-json\/wp\/v2\/tags?post=32240"}],"curies":[{"name":"wp","href":"https:\/\/api.w.org\/{rel}","templated":true}]}}