{"id":32236,"date":"2009-10-23T20:47:42","date_gmt":"2009-10-23T20:47:42","guid":{"rendered":"http:\/\/www.pcnen.com\/portal\/?p=32236"},"modified":"2009-10-23T20:47:42","modified_gmt":"2009-10-23T20:47:42","slug":"dukanovic-iznenaden","status":"publish","type":"post","link":"https:\/\/www.pcnen.com\/portal\/2009\/10\/23\/dukanovic-iznenaden\/","title":{"rendered":"\u0110ukanovi\u0107 iznena\u0111en"},"content":{"rendered":"<p>Predsjednik Vlade Crne Gore Milo \u0110ukanovi\u0107 izjavio je danas da je vlada spremna da princu Nikoli Petrovi\u0107u Njego&scaron;u da odre\u0111ena prava kako se u Crnoj Gori ne bi osje\u0107ao kao gost nego kao reprezentativni doma\u0107in.<\/p>\n<p>\u0110ukanovi\u0107 je novinarima rekao da je zate\u010den izjavom Nikole Petrovi\u0107a da je vlada ignorisala njegove zahtjeve za regulisanje imovinskih pravnih pitanja i dodao da je o\u010digledno da postoji spor Petrovi\u0107a i njegovih pravnih zastupnika, prenijela je agencija <em>Beta<\/em>.<\/p>\n<p>Mediji su objavili da je u ime Petrovi\u0107a sa Vladom Crne Gore pregovarao D\u017eon Gvozdenovi\u0107 Kenedi i da je dogovoreno da Petrovi\u0107 dobija mjese\u010dnu stipendiju od 6.000 eura.<\/p>\n<p>Nikola Petrovi\u0107 je podgori\u010dkim <em>Vijestima<\/em> kazao da Gvozdenovi\u0107 Kenedi nije imao mandat da vodi razgovore sa predstavnicima vlade.<\/p>\n<p>\u0110ukanovi\u0107 je, me\u0111utim, danas rekao da je Petrovi\u0107 u maju obavijestio vladu da je njegov zastupnik Gvozdenovi\u0107 Kenedi i da se razgovori privode kraju.<\/p>\n<p>\u0110ukanovi\u0107 je naveo da je 2004. godine vlada Nikoli Petrovi\u0107u ponudila ku\u0107u kralja Nikole u Njegu&scaron;ima kod Cetinja i zemlji&scaron;te koje je sastavni dio te parcele, kao i da koristi dio Plavog dvorca na Cetinju u dogovoru sa Ministarstvom kulture Crne Gore, automobile sa &scaron;oferom i sve drugo &scaron;to bi bilo primjereno potomku dinastije Petrovi\u0107 tokom njegovog boravka u Crnoj Gori.<\/p>\n<p>\u0110ukanovi\u0107 je dodao da se Zakon o restituciji ne odnosi na vlasni\u010dka prava Petrovi\u0107a i da to pitanje mora biti treritano kao gest uva\u017eavanja i po&scaron;tovanja prema predstavniku dinastije Petrovi\u0107.<\/p>\n","protected":false},"excerpt":{"rendered":"<p>Predsjednik Vlade Crne Gore Milo \u0110ukanovi\u0107 izjavio je danas da je vlada spremna da princu Nikoli Petrovi\u0107u Njego&scaron;u da odre\u0111ena prava kako se u Crnoj Gori ne bi osje\u0107ao kao gost nego kao reprezentativni doma\u0107in. \u0110ukanovi\u0107 je novinarima rekao da je zate\u010den izjavom Nikole Petrovi\u0107a da je vlada ignorisala njegove zahtjeve za regulisanje imovinskih pravnih [&hellip;]<\/p>\n","protected":false},"author":1,"featured_media":0,"comment_status":"open","ping_status":"closed","sticky":false,"template":"","format":"standard","meta":{"_seopress_robots_primary_cat":"","_seopress_titles_title":"","_seopress_titles_desc":"","_seopress_robots_index":"","_et_pb_use_builder":"","_et_pb_old_content":"","_et_gb_content_width":"","inline_featured_image":false,"footnotes":""},"categories":[14],"tags":[],"class_list":["post-32236","post","type-post","status-publish","format-standard","hentry","category-vijesti"],"_links":{"self":[{"href":"https:\/\/www.pcnen.com\/portal\/wp-json\/wp\/v2\/posts\/32236","targetHints":{"allow":["GET"]}}],"collection":[{"href":"https:\/\/www.pcnen.com\/portal\/wp-json\/wp\/v2\/posts"}],"about":[{"href":"https:\/\/www.pcnen.com\/portal\/wp-json\/wp\/v2\/types\/post"}],"author":[{"embeddable":true,"href":"https:\/\/www.pcnen.com\/portal\/wp-json\/wp\/v2\/users\/1"}],"replies":[{"embeddable":true,"href":"https:\/\/www.pcnen.com\/portal\/wp-json\/wp\/v2\/comments?post=32236"}],"version-history":[{"count":0,"href":"https:\/\/www.pcnen.com\/portal\/wp-json\/wp\/v2\/posts\/32236\/revisions"}],"wp:attachment":[{"href":"https:\/\/www.pcnen.com\/portal\/wp-json\/wp\/v2\/media?parent=32236"}],"wp:term":[{"taxonomy":"category","embeddable":true,"href":"https:\/\/www.pcnen.com\/portal\/wp-json\/wp\/v2\/categories?post=32236"},{"taxonomy":"post_tag","embeddable":true,"href":"https:\/\/www.pcnen.com\/portal\/wp-json\/wp\/v2\/tags?post=32236"}],"curies":[{"name":"wp","href":"https:\/\/api.w.org\/{rel}","templated":true}]}}