{"id":32235,"date":"2009-10-23T20:40:45","date_gmt":"2009-10-23T20:40:45","guid":{"rendered":"http:\/\/www.pcnen.com\/portal\/?p=32235"},"modified":"2009-10-23T20:40:45","modified_gmt":"2009-10-23T20:40:45","slug":"direktoru-nvo-breznica-zabranjen-ulazak-u-zgradu-opstine","status":"publish","type":"post","link":"https:\/\/www.pcnen.com\/portal\/2009\/10\/23\/direktoru-nvo-breznica-zabranjen-ulazak-u-zgradu-opstine\/","title":{"rendered":"Direktoru NVO &#8216;Breznica&#8217; zabranjen ulazak u zgradu Op\u0161tine"},"content":{"rendered":"<p>Izvr&scaron;nom direktoru NVO <em>Breznica<\/em> Miloradu Mitrovi\u0107u, portir na ulazu u zgradu Op&scaron;tine je ju\u010de u vrijeme kada predvi\u0111eno za rad sa strankama, saop&scaron;tio da je njemu zabranjen ulazak u zgradu Op&scaron;tine.<\/p>\n<p>Mitrovi\u0107 je u drugom poku&scaron;aju u&scaron;ao u Op&scaron;tinu da zavr&scaron;i hitne poslove, ali kada je poku&scaron;ao da iza\u0111e, vrata su bila zaklju\u010dana a portir nije htio da ga pusti napolje, pi&scaron;u <em><a href=\"http:\/\/www.novosti.rs\/code\/navigate.php?Id=129&amp;status=jedna&amp;vest=160668&amp;title_add=Bahato%20zbog%20kritika&amp;kword_add=pljevlja\">Ve\u010dernje Novosti<\/a>.<\/em><\/p>\n<p>&quot;Pozvao sam policiju i posle njihove intervencije omogu\u0107en mi je izlazak iz Op&scaron;tine. Tom prilikom dali smo izjave u policiji. Tra\u017eio sam da vidim pisano saop&scaron;tenje o zabrani ulaska u Op&scaron;tinu ali, o\u010digledno, nije postojalo. Uop&scaron;te mi nije jasan takav potez ljudi iz lokalne uprave&quot;, kazao je Mitrovi\u0107.<\/p>\n<p>Povodom incidenta koji se desio u zgradi Op&scaron;tine saop&scaron;tenjem za javnost obratila se grupa nevladinih organizacija iz Pljevalja, u kojem se najo&scaron;trije osu\u0111uje ovaj &quot;akt nasilja koji sprovodi Op&scaron;tina Pljevlja nad pojedincima iz nevladinog sektora&quot;.<\/p>\n<p>Grupa NVO smatra da je ovo jo&scaron; jedan poku&scaron;aj gu&scaron;enja demokratije i pritisak na slobodomisle\u0107e intelektualce, oponente i kriti\u010dare aktuelne vlasti.<\/p>\n<p>NVO su pozvale Upravu policije da ispita sve detalje vezane za ovaj doga\u0111aj i da protiv po\u010dinilaca podnese prijave i predsjednika Op&scaron;tine da posle ispitivanja svih okolnosti pokrene disciplinski postupak protiv odgovornih.<\/p>\n","protected":false},"excerpt":{"rendered":"<p>Izvr&scaron;nom direktoru NVO Breznica Miloradu Mitrovi\u0107u, portir na ulazu u zgradu Op&scaron;tine je ju\u010de u vrijeme kada predvi\u0111eno za rad sa strankama, saop&scaron;tio da je njemu zabranjen ulazak u zgradu Op&scaron;tine. Mitrovi\u0107 je u drugom poku&scaron;aju u&scaron;ao u Op&scaron;tinu da zavr&scaron;i hitne poslove, ali kada je poku&scaron;ao da iza\u0111e, vrata su bila zaklju\u010dana a portir [&hellip;]<\/p>\n","protected":false},"author":1,"featured_media":0,"comment_status":"open","ping_status":"closed","sticky":false,"template":"","format":"standard","meta":{"_seopress_robots_primary_cat":"","_seopress_titles_title":"","_seopress_titles_desc":"","_seopress_robots_index":"","_et_pb_use_builder":"","_et_pb_old_content":"","_et_gb_content_width":"","inline_featured_image":false,"footnotes":""},"categories":[14],"tags":[],"class_list":["post-32235","post","type-post","status-publish","format-standard","hentry","category-vijesti"],"_links":{"self":[{"href":"https:\/\/www.pcnen.com\/portal\/wp-json\/wp\/v2\/posts\/32235","targetHints":{"allow":["GET"]}}],"collection":[{"href":"https:\/\/www.pcnen.com\/portal\/wp-json\/wp\/v2\/posts"}],"about":[{"href":"https:\/\/www.pcnen.com\/portal\/wp-json\/wp\/v2\/types\/post"}],"author":[{"embeddable":true,"href":"https:\/\/www.pcnen.com\/portal\/wp-json\/wp\/v2\/users\/1"}],"replies":[{"embeddable":true,"href":"https:\/\/www.pcnen.com\/portal\/wp-json\/wp\/v2\/comments?post=32235"}],"version-history":[{"count":0,"href":"https:\/\/www.pcnen.com\/portal\/wp-json\/wp\/v2\/posts\/32235\/revisions"}],"wp:attachment":[{"href":"https:\/\/www.pcnen.com\/portal\/wp-json\/wp\/v2\/media?parent=32235"}],"wp:term":[{"taxonomy":"category","embeddable":true,"href":"https:\/\/www.pcnen.com\/portal\/wp-json\/wp\/v2\/categories?post=32235"},{"taxonomy":"post_tag","embeddable":true,"href":"https:\/\/www.pcnen.com\/portal\/wp-json\/wp\/v2\/tags?post=32235"}],"curies":[{"name":"wp","href":"https:\/\/api.w.org\/{rel}","templated":true}]}}