{"id":321859,"date":"2021-06-16T13:10:25","date_gmt":"2021-06-16T11:10:25","guid":{"rendered":"https:\/\/www.pcnen.com\/portal\/?p=321859"},"modified":"2021-06-16T17:44:43","modified_gmt":"2021-06-16T15:44:43","slug":"protest-ispred-skupstine","status":"publish","type":"post","link":"https:\/\/www.pcnen.com\/portal\/2021\/06\/16\/protest-ispred-skupstine\/","title":{"rendered":"Protest ispred Skup\u0161tine"},"content":{"rendered":"<p>Jednu grupu \u010dini oko 100 mje\u0161tani sela Botun, koji protestuju zbog najavljene izgradnje kolektora, druga grupa je tu u znak podr\u0161ke ministru pravde, ljudskih i manjinskih prava Vladimiru Leposavi\u0107u, o \u010dijoj smjeni \u0107e se danas raspravljati u Skup\u0161tini.<\/p>\n<p><img loading=\"lazy\" decoding=\"async\" class=\"aligncenter wp-image-321861 size-full\" src=\"https:\/\/www.pcnen.com\/portal\/wp-content\/uploads\/2021\/06\/protest-kolektor.jpg\" alt=\"\" width=\"640\" height=\"480\" srcset=\"https:\/\/www.pcnen.com\/portal\/wp-content\/uploads\/2021\/06\/protest-kolektor.jpg 640w, https:\/\/www.pcnen.com\/portal\/wp-content\/uploads\/2021\/06\/protest-kolektor-300x225.jpg 300w, https:\/\/www.pcnen.com\/portal\/wp-content\/uploads\/2021\/06\/protest-kolektor-580x435.jpg 580w\" sizes=\"(max-width: 640px) 100vw, 640px\" \/><\/p>\n<p>Sa mje\u0161tanima Botuna razgovarali su\u00a0 poslanici, me\u0111u kojima i jedan od lidera DF Milan Kne\u017eevi\u0107, a sa gra\u0111anima koji protestvuju u znak podr\u0161ke ministru Leposavi\u0107u, \u00a0poslanik PzP Branko Radulovi\u0107.<\/p>\n<p>Gra\u0111ani tra\u017ee da im se obrati premijer Krivokapi\u0107.<\/p>\n<p>Saobra\u0107aj Bulevarom je i dalje obustavljen, a ispred Skup\u0161tine je oko 40 gra\u0111ana.<\/p>\n<p>Kako javlja reporter PCNEN-a, <a href=\"https:\/\/www.pcnen.com\/portal\/2021\/06\/16\/majke-srebrenice-traze-izvinjenje-ministra-leposavica\/\">Skup\u0161tini je predato pismo Majki Srebrenice.<\/a><\/p>\n<p><strong>O.\u0160arki\u010d<\/strong><\/p>\n<p>&nbsp;<\/p>\n<p><img loading=\"lazy\" decoding=\"async\" class=\"aligncenter wp-image-321867 size-full\" src=\"https:\/\/www.pcnen.com\/portal\/wp-content\/uploads\/2021\/06\/pismo-majki-srebrenice.jpg\" alt=\"\" width=\"640\" height=\"853\" srcset=\"https:\/\/www.pcnen.com\/portal\/wp-content\/uploads\/2021\/06\/pismo-majki-srebrenice.jpg 640w, https:\/\/www.pcnen.com\/portal\/wp-content\/uploads\/2021\/06\/pismo-majki-srebrenice-225x300.jpg 225w, https:\/\/www.pcnen.com\/portal\/wp-content\/uploads\/2021\/06\/pismo-majki-srebrenice-580x773.jpg 580w\" sizes=\"(max-width: 640px) 100vw, 640px\" \/><\/p>\n<p>&nbsp;<\/p>\n<p><img loading=\"lazy\" decoding=\"async\" class=\"aligncenter wp-image-321869 size-full\" src=\"https:\/\/www.pcnen.com\/portal\/wp-content\/uploads\/2021\/06\/pismo2.jpg\" alt=\"\" width=\"640\" height=\"480\" srcset=\"https:\/\/www.pcnen.com\/portal\/wp-content\/uploads\/2021\/06\/pismo2.jpg 640w, https:\/\/www.pcnen.com\/portal\/wp-content\/uploads\/2021\/06\/pismo2-300x225.jpg 300w, https:\/\/www.pcnen.com\/portal\/wp-content\/uploads\/2021\/06\/pismo2-580x435.jpg 580w\" sizes=\"(max-width: 640px) 100vw, 640px\" \/><\/p>\n<p>&nbsp;<\/p>\n","protected":false},"excerpt":{"rendered":"<p>Pred po\u010detak zasijedanja crnogorskog parlamenta, okupile su se dvije grupe gra\u0111ana protestuju\u0107i na kolovozu, ispred za\u0161titne ograde Skup\u0161tine. Foto: Omer \u0160arki\u0107<\/p>\n","protected":false},"author":1,"featured_media":321860,"comment_status":"open","ping_status":"closed","sticky":false,"template":"","format":"standard","meta":{"_seopress_robots_primary_cat":"","_seopress_titles_title":"","_seopress_titles_desc":"","_seopress_robots_index":"","_et_pb_use_builder":"","_et_pb_old_content":"","_et_gb_content_width":"","inline_featured_image":false,"footnotes":""},"categories":[14],"tags":[],"class_list":["post-321859","post","type-post","status-publish","format-standard","has-post-thumbnail","hentry","category-vijesti"],"_links":{"self":[{"href":"https:\/\/www.pcnen.com\/portal\/wp-json\/wp\/v2\/posts\/321859","targetHints":{"allow":["GET"]}}],"collection":[{"href":"https:\/\/www.pcnen.com\/portal\/wp-json\/wp\/v2\/posts"}],"about":[{"href":"https:\/\/www.pcnen.com\/portal\/wp-json\/wp\/v2\/types\/post"}],"author":[{"embeddable":true,"href":"https:\/\/www.pcnen.com\/portal\/wp-json\/wp\/v2\/users\/1"}],"replies":[{"embeddable":true,"href":"https:\/\/www.pcnen.com\/portal\/wp-json\/wp\/v2\/comments?post=321859"}],"version-history":[{"count":9,"href":"https:\/\/www.pcnen.com\/portal\/wp-json\/wp\/v2\/posts\/321859\/revisions"}],"predecessor-version":[{"id":321877,"href":"https:\/\/www.pcnen.com\/portal\/wp-json\/wp\/v2\/posts\/321859\/revisions\/321877"}],"wp:featuredmedia":[{"embeddable":true,"href":"https:\/\/www.pcnen.com\/portal\/wp-json\/wp\/v2\/media\/321860"}],"wp:attachment":[{"href":"https:\/\/www.pcnen.com\/portal\/wp-json\/wp\/v2\/media?parent=321859"}],"wp:term":[{"taxonomy":"category","embeddable":true,"href":"https:\/\/www.pcnen.com\/portal\/wp-json\/wp\/v2\/categories?post=321859"},{"taxonomy":"post_tag","embeddable":true,"href":"https:\/\/www.pcnen.com\/portal\/wp-json\/wp\/v2\/tags?post=321859"}],"curies":[{"name":"wp","href":"https:\/\/api.w.org\/{rel}","templated":true}]}}