{"id":321546,"date":"2021-06-11T12:34:51","date_gmt":"2021-06-11T10:34:51","guid":{"rendered":"https:\/\/www.pcnen.com\/portal\/?p=321546"},"modified":"2021-06-11T12:46:03","modified_gmt":"2021-06-11T10:46:03","slug":"volja-naroda","status":"publish","type":"post","link":"https:\/\/www.pcnen.com\/portal\/2021\/06\/11\/volja-naroda\/","title":{"rendered":"Volja naroda"},"content":{"rendered":"<p>\u0110ilas je svojevremeno dobro primijetio da Crna Gora mora uvijek tra\u017eiti ravnote\u017eu i balans izme\u0111u svog srpstva i crnogorstva. On je rekao da kada god je kroz istoriju klatno previ\u0161e naginjalo ka srpstvu, javljao se jak crnogorski otpor &#8211; i obrnuto.<\/p>\n<p>Kao svjedok doga\u0111aja od devedestih naovamo, mislim da mu je zaklju\u010dak ispravan.<\/p>\n<p>Devedesetih je srpstvo u Crnoj Gori imalo agresivnu dominaciju i primat, \u0161to je stvorilo jak crnogorski otpor. Po\u010detkom ovog vijeka, crnogorstvo je uzelo primat od srpstva, prelivaju\u0107i se poslije referenduma u crnogorski nacionalizam, \u0161to je stvorilo jak otpor onog dijela gra\u0111ana kojima je osje\u0107aj pripadnosti srpstvu dominantan. Poslije pobjede na izborima biv\u0161e opozicije, opet se krenulo sa agresivnim srpstvom, \u0161to je izazvalo mobilizaciju Crnogorca.<\/p>\n<p>Ako je vjerovati istoriji i doma\u0107im istori\u010darima, sli\u010dni procesi su se de\u0161avali sa politi\u010darima i vladarima, nosiocima srpstva i crnogorstva, kroz istoriju. Tako je &#8211; ka\u017eu oni &#8211; kralj Nikola srbovao koliko je mogao, da bi se poslije kleo u crnogorstvo. Za Sekulu Drljevi\u0107a ka\u017eu da je bio jedan od najgrlatijih zastupnika srpske ideje u Crnoj Gori, da bi kasnije postao ekstremni Crnogorac.<\/p>\n<p>Svjedok sam transformacije Novaka Kilibarde (nebitni motivi), koji je od velikog Srbina postao jedan od najeksponiranijih branitelja Crne Gore i crnogorstva. \u0110ukanovi\u0107 je, kada je do\u0161ao na vlast, bio ve\u0107i promoter srpstva nego \u0161to je trenutno Krivokapi\u0107, da bi mu kasnije crnogorstvo i njegova odbrana postala alibi za sveop\u0161tu plja\u010dku.<\/p>\n<p>Ima naznaka &#8211; ako ja to dobro primje\u0107ujem &#8211; da je aktuelni premijer Krivokapi\u0107, iako vjerujem da nije \u010ditao \u0110ilasa, po\u010deo da shvata da dominacija jednog nacionalnog identiteta stvara jak otpor drugog, te da, \u201eiako nam je Srbija bratska, \u0107ese nam nijesu sestre\u201c.<\/p>\n<p>Moja sumnja da se premijer Krivokapi\u0107 bar donekle alavertio javila se poslije izjave za Dan nezavisnosti o neophodnom pomirenju &#8211; koje mi je djelovala iskreno, a poja\u010dalo se poslije sino\u0107neg intervjua \u00a0Komneni\u0107u (Emisija &#8216;Na\u010disto&#8217;). Stekao sam utisak da bi se najradije oslobodio dobrog dijela kadrova koje je sam birao u Vladu, a koji mu zbog svog ekstremizma sad predstavljaju teret i smetnju. I ne samo smetnju, ve\u0107 u njima dobija najogor\u010denije neprijatelje, rekao bih.<\/p>\n<p>Od po\u010detka svog mandata Krivokapi\u0107 do\u017eivljava opstrukcije i napade. Najve\u0107e od onih kojima je bio na \u010delu liste. Krivokapi\u0107 je svojim izjavama, javno proklamovanom ideologijom i odabirom kadrova, uspio ono \u0161to se \u010dinilo skoro nemogu\u0107im \u2013 da dio ogor\u010denih protivnika prethodne vlasti gurne u njihovo naru\u010dje. Umjesto da \u0161iri front podr\u0161ke, on ga je su\u017eavao. Umjesto da tra\u017ei saveznike, reprodukovao je neprijatelje. Istovremeno, DF kao najve\u0107a grupacija u vlasti &#8211; i njegovi simpatizeri, uporno ga prozivaju da je izdao narodnu &#8211; srpsku volju. Oni tra\u017ee od Vlade da bude jo\u0161 vi\u0161e srpska jer je to \u201enarodna volja\u201c.<\/p>\n<p>O\u010digledno se zaboravlja da te \u201enarodne volje\u201c &#8211; na koju se pozivaju, nema bez \u010detiri poslanika tzv. Gra\u0111anskog pokreta URA. Njihovi glasa\u010di nijesu glasali za najsrpskiju Crnu Goru u kojoj je Crkva vrhovni politi\u010dki arbitar, ve\u0107 za smjenu DPS-a, vladavinu prava, protiv op\u0161te korupcije i kriminala, ravnopravnost gra\u0111ana. Iako Demokrate \u010dine uglavnom prosrpski glasa\u010di, dobar dio njih tako\u0111e nije glasao za ono \u0161to se od strane DF-a predstavlja voljom naroda, tj.voljom Srba.<\/p>\n<p>Oni koji se pozivaju na \u201eizdaju volje naroda\u201c o\u010dito prenebregavaju \u010dinjenicu da je tzv. Gra\u0111anski pokret URA mogao \u00a0napraviti koaliciju sa DPS-om, \u010dak od njih vjerovatno dobiti podr\u0161ku da sami formiraju manjinsku Vladu i tako budu dio \u00a0\u201enajcrnogorskije Crne Gore\u201c. To \u0161to se URA izgubila u vremenu i prostoru, pristaju\u0107i da bude dio \u201enajsprskije\u201c a ne ravnopravne, svih njenh gra\u0111ana, pravno ure\u0111ene Crne Gore, ne zna\u010di da je to bila volja naroda i ve\u0107ine, ve\u0107 na neki na\u010din prevara svojih glasa\u010da \u2013 i mene me\u0111u njima.<\/p>\n<p>Poslije svega, pogotovo sino\u0107njeg intervjua Krivokapi\u0107a, napadi na njega od strane DF-a \u0107e se maksimalno \u00a0poja\u010dati. Vidim da ve\u0107 jutros su svi njihovi botovi uposleni na onih hiljadu tablet ra\u010dunara kupljenih im pred pred izbore 2016. godine (od kojeg novca?), u punoj akciji i da iz svih oru\u017eja napadaju Krivokapi\u0107a. Da li je ovo trenutak kada \u0107e DF procjeniti da je vrijeme da sru\u0161e Vladu, vidje\u0107emo. Premijer je mogao imati jaku odbranu od tih napada da je poku\u0161ao biti premijer svih gra\u0111ana a ne samo po\u0161tovanog naroda. Ovako, protiv njega su: DF prije svih, DPS i sateliti mu, ogromna ve\u0107ina nacionalnih Crnogoraca, skoro svi pripadnici nacionalnih manjina, Vu\u010di\u0107 sa svim svojim propagandnim aparatom, dio Crkve &#8211; prija svega onaj u Beogradu. Uz Krivokapi\u0107a su Demokrate, URA, Vijesti, ve\u0107i dio Crkve u Crnoj Gori.<br \/>\nSvakako nas \u010deka vru\u0107e politi\u010dko ljeto, pad Vlade kada DF procjeni trenutak koji smatra politi\u010dkim najprofitabilnijim, i na jesen vjerovatno novi izbori.<\/p>\n","protected":false},"excerpt":{"rendered":"<p>Pi\u0161e: Omer \u0160ARKI\u0106<\/p>\n","protected":false},"author":12,"featured_media":286086,"comment_status":"open","ping_status":"closed","sticky":false,"template":"","format":"standard","meta":{"_seopress_robots_primary_cat":"","_seopress_titles_title":"","_seopress_titles_desc":"","_seopress_robots_index":"","_et_pb_use_builder":"","_et_pb_old_content":"","_et_gb_content_width":"","inline_featured_image":false,"footnotes":""},"categories":[17],"tags":[],"class_list":["post-321546","post","type-post","status-publish","format-standard","has-post-thumbnail","hentry","category-blogovi"],"_links":{"self":[{"href":"https:\/\/www.pcnen.com\/portal\/wp-json\/wp\/v2\/posts\/321546","targetHints":{"allow":["GET"]}}],"collection":[{"href":"https:\/\/www.pcnen.com\/portal\/wp-json\/wp\/v2\/posts"}],"about":[{"href":"https:\/\/www.pcnen.com\/portal\/wp-json\/wp\/v2\/types\/post"}],"author":[{"embeddable":true,"href":"https:\/\/www.pcnen.com\/portal\/wp-json\/wp\/v2\/users\/12"}],"replies":[{"embeddable":true,"href":"https:\/\/www.pcnen.com\/portal\/wp-json\/wp\/v2\/comments?post=321546"}],"version-history":[{"count":5,"href":"https:\/\/www.pcnen.com\/portal\/wp-json\/wp\/v2\/posts\/321546\/revisions"}],"predecessor-version":[{"id":321551,"href":"https:\/\/www.pcnen.com\/portal\/wp-json\/wp\/v2\/posts\/321546\/revisions\/321551"}],"wp:featuredmedia":[{"embeddable":true,"href":"https:\/\/www.pcnen.com\/portal\/wp-json\/wp\/v2\/media\/286086"}],"wp:attachment":[{"href":"https:\/\/www.pcnen.com\/portal\/wp-json\/wp\/v2\/media?parent=321546"}],"wp:term":[{"taxonomy":"category","embeddable":true,"href":"https:\/\/www.pcnen.com\/portal\/wp-json\/wp\/v2\/categories?post=321546"},{"taxonomy":"post_tag","embeddable":true,"href":"https:\/\/www.pcnen.com\/portal\/wp-json\/wp\/v2\/tags?post=321546"}],"curies":[{"name":"wp","href":"https:\/\/api.w.org\/{rel}","templated":true}]}}