{"id":321071,"date":"2021-06-03T13:21:11","date_gmt":"2021-06-03T11:21:11","guid":{"rendered":"https:\/\/www.pcnen.com\/portal\/?p=321071"},"modified":"2021-06-03T13:50:57","modified_gmt":"2021-06-03T11:50:57","slug":"o-selektivnoj-primjeni-zakona-i-vladavini-neprava","status":"publish","type":"post","link":"https:\/\/www.pcnen.com\/portal\/2021\/06\/03\/o-selektivnoj-primjeni-zakona-i-vladavini-neprava\/","title":{"rendered":"O selektivnoj primjeni zakona i vladavini (ne)prava"},"content":{"rendered":"<p>Ve\u0107 dvadeset godina se kod nas pri\u010da o vladavini prava. Toliko da smo otupljeli na pominjanje tog pojma i vi\u0161e mu uop\u0161te ne pridajemo zna\u010daj. Vladavina prava je postala floskula koju politi\u010dari stalno pominju, a sve rade da ona ne za\u017eivi.<\/p>\n<p>Vladavinom prava skoro svi problemi u Crnoj Gori bi bili rije\u0161eni, \u010dak i oni ekonomski. Jer ona podrazumijeva i nenamje\u0161tenje tendera, stru\u010dno a ne partijsko zapo\u0161ljavanje, jednak tretman svih u poslovanju &#8211; bez povla\u0161\u0107enih pojedinaca. \u010cak bi se suzbila me\u0111unacionalna i me\u0111uvjerska mr\u017enja. Vladavinom prava i neselektivnom primjenom zakona svako javno ispoljavanja mr\u017enje od strane bilo koga, od gra\u0111ana do poslanika ili vjerskih velikodostojnika, bilo bi sankcionisano, tako da bi se svi dobro pazili od kori\u0161\u0107enja jezika mr\u017enje.<\/p>\n<p>Institut alternativa, u saradnji sa Akcijom za ljudska prava me je 26.05. pozvao na konferenciju pod nazivom \u201eOkupljanje za ljudska prava: Sloboda javne rije\u010di u javnom prostoru\u201c. Jedan od panelista je bio ministar MUP-a Sergej Sekulovi\u0107. Tea Gorjanc Prelevi\u0107 je ukazala da i nova Vlada vr\u0161i selektivnu primjenu zakona, navode\u0107i slede\u0107i primjer:<\/p>\n<blockquote><p><em>12. maja su odr\u017eavana dva javna skupa, oba neprijavljena. Jedan je bio masovno okupljanje u Nik\u0161i\u0107u povodom dana svetog Vasilija Osto\u0161kog, drugi je bio u znak podr\u0161ke Palestini. Na prvom skupu, po procjeni policije, se okupilo 9000 gra\u0111ana, na drugom 80. Prvi skup se odr\u017eava svake godine u isto vrijeme, stoga je trebao i morao biti prijavljen, drugi nije. Naime, po evropskoj konvenciji o ljudskim pravima, javni skup ili protest koji se organizuje spontano, usljed vanrednih okolnosti (a rat izme\u0111u Izraela i Palestine je vanredna, iznenadna okolnost koja se nije mogla predvidjeti) ne mora pro\u0107i proceduru prijavljivanja. Policija je u vrijeme odr\u017eavanja ovog drugog, manjeg skupa, do\u0161la da upozori u\u010desnike da on nije prijavljen i pozvala ih da se razi\u0111u, dok kod prvog nije izdala nikakvo upozorenje, naprotiv, obezbje\u0111ivala ga je. Ministar je takvo, selektivno postupanje branio time da policiji nije re\u010deno da nasilno rasturi ovaj drugi skup, ve\u0107 da u\u010desnike skupa samo upozori! Poslije upozorenja, dio u\u010desnika se odmah razi\u0161ao, \u0161to se, opet po Evropskoj konvenciji o ljudskim pravima, tuma\u010di kao neprimjereni pritisak dr\u017eavnih organa na u\u010desnika skupa koji nije imao nijedan element nasilnosti.<\/em><\/p>\n<p><img loading=\"lazy\" decoding=\"async\" class=\"aligncenter wp-image-321074\" src=\"https:\/\/www.pcnen.com\/portal\/wp-content\/uploads\/2021\/06\/selektivnost.png\" alt=\"\" width=\"691\" height=\"268\" srcset=\"https:\/\/www.pcnen.com\/portal\/wp-content\/uploads\/2021\/06\/selektivnost.png 650w, https:\/\/www.pcnen.com\/portal\/wp-content\/uploads\/2021\/06\/selektivnost-300x116.png 300w, https:\/\/www.pcnen.com\/portal\/wp-content\/uploads\/2021\/06\/selektivnost-580x225.png 580w\" sizes=\"(max-width: 691px) 100vw, 691px\" \/><\/p><\/blockquote>\n<p>Uzeo sam rije\u010d i rekao da premijer, pozivaju\u0107i se na metafizi\u010dke i duhovne potrebe vjernika, podsti\u010de i opravdava kr\u0161enje i selektivnu primjenu zakona, da je o\u010digledno u pitanju selektivno postupanje, te da sam iz protesta narednog vikenda po\u0161ao na primorje, bez propusnice za me\u0111ugradski saobra\u0107aj, kako bih bio uhap\u0161en i procesuiran, pa da na sudu branim svoje\u00a0 pravo na moju \u201emetafizi\u010dku i duhovnu potrebu\u201c \u2013 odlazak na more. Metafizi\u010dke i duhovne potrebe mogu zavisiti od afiniteta: nekima je to odlazak u crkvu ili d\u017eamiju, drugima to mo\u017ee biti odlazak na more ili bilo gdje u prirodu!<\/p>\n<p>Ministrova protivargumentacija na moje izalaganje i primjedbe o o\u010ditom i nedvosmisleno selektivnom postupanju MUP-a je bila, da nekima o\u010digledno smeta \u0161to je premijer vjernik(!), da on ima pravo da vjeruje &#8211; i sli\u010dne zamjene teza, koje obi\u010dno upotrebljavaju botovi sa dru\u0161tvenih mre\u017ea &#8211; a nedoli\u010dne su jednom pravniku i ministru unutra\u0161njih poslova. Falilo je jo\u0161 samo da ka\u017ee kako su takva pore\u0111enje i ukazivanje na primjenu dvostrukih standarda dokaz mr\u017enje prema pravoslavlju.<\/p>\n<p>Problem sa vladavinom prava i slektivnom primjenom zakona \u2013 \u0161to je najgore bezakonje &#8211; je ne samo u zarobljenom sudstvu i tu\u017eila\u0161tvu, ve\u0107 u pona\u0161anju najvi\u0161ih javnih i dr\u017eavnih funkcionera. Kada oni svojim \u00a0primjerom pokazuju nepo\u0161tovanje zakona, onda \u00a0gra\u0111anima, tj. po\u0161tovanom narodu daju za pravo da to isto \u010dini. Premijer non-stop kr\u0161i zakone i mjere protiv spre\u010davanja \u0161irenja zaraznih bolesti koje je donijela Vlada na \u010dijem je \u010delu, stalno se izvinjava, pravda i obe\u0107ava da to vi\u0161e ne\u0107e raditi, a onda to ponovi. Ju\u010de je to uradio opet (slika3), iako je pri poslednjem kr\u0161enju mjera obe\u0107ao da se to vi\u0161e ne\u0107e doga\u0111ati, da \u0107e svojim primjerom pokazati kako se one trebaju po\u0161tovati.<\/p>\n<p><img loading=\"lazy\" decoding=\"async\" class=\"aligncenter size-full wp-image-321075\" src=\"https:\/\/www.pcnen.com\/portal\/wp-content\/uploads\/2021\/06\/Z.Krivkapic.jpg\" alt=\"\" width=\"590\" height=\"341\" srcset=\"https:\/\/www.pcnen.com\/portal\/wp-content\/uploads\/2021\/06\/Z.Krivkapic.jpg 590w, https:\/\/www.pcnen.com\/portal\/wp-content\/uploads\/2021\/06\/Z.Krivkapic-300x173.jpg 300w, https:\/\/www.pcnen.com\/portal\/wp-content\/uploads\/2021\/06\/Z.Krivkapic-580x335.jpg 580w\" sizes=\"(max-width: 590px) 100vw, 590px\" \/><\/p>\n<p>Da li vam je zamisliva situacija u kojoj ministar Sekulovi\u0107 \u0161alje ju\u010de policiju na do\u010dek novoizabranog mitropolita Joanikija, koja saop\u0161tava da je skup neprijavljen, da se njime kr\u0161e epedimiolo\u0161ke mjere i da se u\u010desnici razi\u0111u? (Ne)normalno da nije. E, kad takvo pstupanje bude o\u010dekivano i normalno prema svima koje kr\u0161e zakon, tada \u0107emo postati pravna dr\u017eava.<\/p>\n<p>Vlada \u010diji premijer stalno kr\u0161i zakone i pravda selektivnu primjenu zakona, ministar MUP-a koji to tako\u0111e pravda, jednostavno ne mo\u017ee izgraditi pravnu dr\u017eavu. A ona je, ponavljam, osnov svega.<\/p>\n","protected":false},"excerpt":{"rendered":"<p>Pi\u0161e: Omer \u0160ARKI\u0106<\/p>\n","protected":false},"author":12,"featured_media":286086,"comment_status":"open","ping_status":"closed","sticky":false,"template":"","format":"standard","meta":{"_seopress_robots_primary_cat":"","_seopress_titles_title":"","_seopress_titles_desc":"","_seopress_robots_index":"","_et_pb_use_builder":"","_et_pb_old_content":"","_et_gb_content_width":"","inline_featured_image":false,"footnotes":""},"categories":[17],"tags":[],"class_list":["post-321071","post","type-post","status-publish","format-standard","has-post-thumbnail","hentry","category-blogovi"],"_links":{"self":[{"href":"https:\/\/www.pcnen.com\/portal\/wp-json\/wp\/v2\/posts\/321071","targetHints":{"allow":["GET"]}}],"collection":[{"href":"https:\/\/www.pcnen.com\/portal\/wp-json\/wp\/v2\/posts"}],"about":[{"href":"https:\/\/www.pcnen.com\/portal\/wp-json\/wp\/v2\/types\/post"}],"author":[{"embeddable":true,"href":"https:\/\/www.pcnen.com\/portal\/wp-json\/wp\/v2\/users\/12"}],"replies":[{"embeddable":true,"href":"https:\/\/www.pcnen.com\/portal\/wp-json\/wp\/v2\/comments?post=321071"}],"version-history":[{"count":5,"href":"https:\/\/www.pcnen.com\/portal\/wp-json\/wp\/v2\/posts\/321071\/revisions"}],"predecessor-version":[{"id":321080,"href":"https:\/\/www.pcnen.com\/portal\/wp-json\/wp\/v2\/posts\/321071\/revisions\/321080"}],"wp:featuredmedia":[{"embeddable":true,"href":"https:\/\/www.pcnen.com\/portal\/wp-json\/wp\/v2\/media\/286086"}],"wp:attachment":[{"href":"https:\/\/www.pcnen.com\/portal\/wp-json\/wp\/v2\/media?parent=321071"}],"wp:term":[{"taxonomy":"category","embeddable":true,"href":"https:\/\/www.pcnen.com\/portal\/wp-json\/wp\/v2\/categories?post=321071"},{"taxonomy":"post_tag","embeddable":true,"href":"https:\/\/www.pcnen.com\/portal\/wp-json\/wp\/v2\/tags?post=321071"}],"curies":[{"name":"wp","href":"https:\/\/api.w.org\/{rel}","templated":true}]}}