{"id":32085,"date":"2009-10-16T00:24:25","date_gmt":"2009-10-16T00:24:25","guid":{"rendered":"http:\/\/www.pcnen.com\/portal\/?p=32085"},"modified":"2009-10-16T00:24:25","modified_gmt":"2009-10-16T00:24:25","slug":"sestogodisnjak-uzletio-sam-u-balonu-video","status":"publish","type":"post","link":"https:\/\/www.pcnen.com\/portal\/2009\/10\/16\/sestogodisnjak-uzletio-sam-u-balonu-video\/","title":{"rendered":"\u0160estogodi\u0161njak uzletio sam u balonu? (video)"},"content":{"rendered":"<p>Nije jasno da&nbsp;li je dje\u010dak pao iz balona ili nikada nije ni bio&nbsp;unutar plovila. Policijski zvani\u010dnici su kazali da je dje\u010dak bio u balon, a vlasti grozni\u010davo tragaju za bilo kakvim&nbsp;znakom da je dijete na tlu, uklju\u010duju\u0107i u susjedstvu gdje \u017eivi.<\/p>\n<p>Policija je saop&scaron;tila da je balon vlasni&scaron;tvo roditelja dje\u010daka koji se ukrcao i sam uzletio u nebo.<\/p>\n<p>Nacionalna garda Kolorada je ka balonu slala helikopter da bi ga na taj na\u010din bar pratila, dok je letio sve dalje no&scaron;en vjetrom.<\/p>\n<div style=\"text-align: center\"><object classid=\"clsid:D27CDB6E-AE6D-11cf-96B8-444553540000\" codebase=\"http:\/\/download.macromedia.com\/pub\/shockwave\/cabs\/flash\/swflash.cab#version=6,0,29,0\" width=\"425\" height=\"344\"><param name=\"movie\" value=\"http:\/\/www.youtube.com\/v\/n7Bnyo5AxD0&amp;hl=en&amp;fs=1&amp;\" \/><param name=\"quality\" value=\"high\" \/><param name=\"menu\" value=\"false\" \/><param name=\"wmode\" value=\"\" \/><embed src=\"http:\/\/www.youtube.com\/v\/n7Bnyo5AxD0&amp;hl=en&amp;fs=1&amp;\" wmode=\"\" quality=\"high\" menu=\"false\" pluginspage=\"http:\/\/www.macromedia.com\/go\/getflashplayer\" type=\"application\/x-shockwave-flash\" width=\"425\" height=\"344\"><\/embed><\/object><\/div>\n<div style=\"text-align: center\"><object classid=\"clsid:D27CDB6E-AE6D-11cf-96B8-444553540000\" codebase=\"http:\/\/download.macromedia.com\/pub\/shockwave\/cabs\/flash\/swflash.cab#version=6,0,29,0\" width=\"454\" height=\"323\"><param name=\"movie\" value=\"http:\/\/www.youtube.com\/v\/0yPUwLBLJ0o&amp;hl=en&amp;fs=1&amp;\" \/><param name=\"quality\" value=\"high\" \/><param name=\"menu\" value=\"false\" \/><param name=\"wmode\" value=\"\" \/><embed src=\"http:\/\/www.youtube.com\/v\/0yPUwLBLJ0o&amp;hl=en&amp;fs=1&amp;\" wmode=\"\" quality=\"high\" menu=\"false\" pluginspage=\"http:\/\/www.macromedia.com\/go\/getflashplayer\" type=\"application\/x-shockwave-flash\" width=\"454\" height=\"323\"><\/embed><\/object><\/div>\n","protected":false},"excerpt":{"rendered":"<p>Eksperimentalni balon u obliku lete\u0107eg tanjira polako se spusti na polje u saveznoj ameri\u010dkoj dr\u017eavi Kolorado, ali je nepoznata sudbina &scaron;estogodi&scaron;njeg dje\u010daka za koga se vjeruje da je bio u balonu.<\/p>\n","protected":false},"author":1,"featured_media":0,"comment_status":"open","ping_status":"closed","sticky":false,"template":"","format":"standard","meta":{"_seopress_robots_primary_cat":"","_seopress_titles_title":"","_seopress_titles_desc":"","_seopress_robots_index":"","_et_pb_use_builder":"","_et_pb_old_content":"","_et_gb_content_width":"","inline_featured_image":false,"footnotes":""},"categories":[14],"tags":[],"class_list":["post-32085","post","type-post","status-publish","format-standard","hentry","category-vijesti"],"_links":{"self":[{"href":"https:\/\/www.pcnen.com\/portal\/wp-json\/wp\/v2\/posts\/32085","targetHints":{"allow":["GET"]}}],"collection":[{"href":"https:\/\/www.pcnen.com\/portal\/wp-json\/wp\/v2\/posts"}],"about":[{"href":"https:\/\/www.pcnen.com\/portal\/wp-json\/wp\/v2\/types\/post"}],"author":[{"embeddable":true,"href":"https:\/\/www.pcnen.com\/portal\/wp-json\/wp\/v2\/users\/1"}],"replies":[{"embeddable":true,"href":"https:\/\/www.pcnen.com\/portal\/wp-json\/wp\/v2\/comments?post=32085"}],"version-history":[{"count":0,"href":"https:\/\/www.pcnen.com\/portal\/wp-json\/wp\/v2\/posts\/32085\/revisions"}],"wp:attachment":[{"href":"https:\/\/www.pcnen.com\/portal\/wp-json\/wp\/v2\/media?parent=32085"}],"wp:term":[{"taxonomy":"category","embeddable":true,"href":"https:\/\/www.pcnen.com\/portal\/wp-json\/wp\/v2\/categories?post=32085"},{"taxonomy":"post_tag","embeddable":true,"href":"https:\/\/www.pcnen.com\/portal\/wp-json\/wp\/v2\/tags?post=32085"}],"curies":[{"name":"wp","href":"https:\/\/api.w.org\/{rel}","templated":true}]}}