{"id":32081,"date":"2009-10-15T22:24:12","date_gmt":"2009-10-15T22:24:12","guid":{"rendered":"http:\/\/www.pcnen.com\/portal\/?p=32081"},"modified":"2009-10-15T22:24:12","modified_gmt":"2009-10-15T22:24:12","slug":"dukanovic-opozicija-nespremna-za-nepovjerenje-gradana","status":"publish","type":"post","link":"https:\/\/www.pcnen.com\/portal\/2009\/10\/15\/dukanovic-opozicija-nespremna-za-nepovjerenje-gradana\/","title":{"rendered":"\u0110ukanovi\u0107: Opozicija nespremna za nepovjerenje gra\u0111ana"},"content":{"rendered":"<p>Crnogorski premijer Milo \u0110ukanovi\u0107 ocijenio je danas da je opozicija nespremna da se suo\u010di sa gubitkom povjerenja gra\u0111ana, i da zato izmi&scaron;lja probleme organizovanog kriminala i optu\u017enice u Italiji, da bi opravdala bojkot izbora, prenosi <em>Beta<\/em>.<\/p>\n<p>On je novinarima rekao da razlozi opozicije za bojkot izbora &quot;sadr\u017ee nekoliko ordinarnih la\u017ei&quot;.<\/p>\n<p>&quot;Prva la\u017e je da protiv mene postoji neka optu\u017enica. Druga, koja je pratila prvu, jeste da sam se za&scaron;titio od te nepostoje\u0107e optu\u017enice pozivom na imunitet. To nikada i nigdje nijesam uradio. Tre\u0107a, najve\u0107a la\u017e, jeste da je to razlog za bojkot izbora&quot;, kazao je \u0110ukanovi\u0107.<\/p>\n<p>&quot;Kada se sve uzme u obzir, nije te&scaron;ko presuditi da li oni imaju problem s organizovanim kriminalom ili mo\u017eda ne\u0107e u\u010destvovati na izborima sve dok se ne rije&scaron;i pitanje klimatskih promjena, ili je problem u nevjerovanju u svoj kapacitet i nespremnosti da se suo\u010de sa gubitkom povjerenje kod gra\u0111ana&quot;, kazao je premijer.<\/p>\n<p>Opozicija je najavila da \u0107e bojkotovati lokalne izbore u Kotoru, ali jo&scaron; nije donijela odluku o bojkotu izbora u Mojkovcu i Cetinju.<\/p>\n","protected":false},"excerpt":{"rendered":"<p>Crnogorski premijer Milo \u0110ukanovi\u0107 ocijenio je danas da je opozicija nespremna da se suo\u010di sa gubitkom povjerenja gra\u0111ana, i da zato izmi&scaron;lja probleme organizovanog kriminala i optu\u017enice u Italiji, da bi opravdala bojkot izbora, prenosi Beta. On je novinarima rekao da razlozi opozicije za bojkot izbora &quot;sadr\u017ee nekoliko ordinarnih la\u017ei&quot;. &quot;Prva la\u017e je da protiv [&hellip;]<\/p>\n","protected":false},"author":1,"featured_media":0,"comment_status":"open","ping_status":"closed","sticky":false,"template":"","format":"standard","meta":{"_seopress_robots_primary_cat":"","_seopress_titles_title":"","_seopress_titles_desc":"","_seopress_robots_index":"","_et_pb_use_builder":"","_et_pb_old_content":"","_et_gb_content_width":"","inline_featured_image":false,"footnotes":""},"categories":[14],"tags":[],"class_list":["post-32081","post","type-post","status-publish","format-standard","hentry","category-vijesti"],"_links":{"self":[{"href":"https:\/\/www.pcnen.com\/portal\/wp-json\/wp\/v2\/posts\/32081","targetHints":{"allow":["GET"]}}],"collection":[{"href":"https:\/\/www.pcnen.com\/portal\/wp-json\/wp\/v2\/posts"}],"about":[{"href":"https:\/\/www.pcnen.com\/portal\/wp-json\/wp\/v2\/types\/post"}],"author":[{"embeddable":true,"href":"https:\/\/www.pcnen.com\/portal\/wp-json\/wp\/v2\/users\/1"}],"replies":[{"embeddable":true,"href":"https:\/\/www.pcnen.com\/portal\/wp-json\/wp\/v2\/comments?post=32081"}],"version-history":[{"count":0,"href":"https:\/\/www.pcnen.com\/portal\/wp-json\/wp\/v2\/posts\/32081\/revisions"}],"wp:attachment":[{"href":"https:\/\/www.pcnen.com\/portal\/wp-json\/wp\/v2\/media?parent=32081"}],"wp:term":[{"taxonomy":"category","embeddable":true,"href":"https:\/\/www.pcnen.com\/portal\/wp-json\/wp\/v2\/categories?post=32081"},{"taxonomy":"post_tag","embeddable":true,"href":"https:\/\/www.pcnen.com\/portal\/wp-json\/wp\/v2\/tags?post=32081"}],"curies":[{"name":"wp","href":"https:\/\/api.w.org\/{rel}","templated":true}]}}