{"id":32076,"date":"2009-10-15T18:24:58","date_gmt":"2009-10-15T18:24:58","guid":{"rendered":"http:\/\/www.pcnen.com\/portal\/?p=32076"},"modified":"2009-10-15T18:24:58","modified_gmt":"2009-10-15T18:24:58","slug":"proglas-saveza-slijepih-crne-gore","status":"publish","type":"post","link":"https:\/\/www.pcnen.com\/portal\/2009\/10\/15\/proglas-saveza-slijepih-crne-gore\/","title":{"rendered":"Proglas Saveza slijepih Crne Gore"},"content":{"rendered":"<p>Savez slijepih Crne Gore je izdao <a href=\"http:\/\/www.savezslijepih.org\">proglas<\/a> povodom 15. oktobra koji se obilje\u017eava kao <em>Svjetski Dan bijelog &scaron;tapa<\/em> u kome se od crnogorske dr\u017eave i dru&scaron;tva zahtijeva &quot;da slijepima omogu\u0107e i stvore uslove za punu dru&scaron;tvenu integraciju i produktivan \u017eivot i rad&quot;.<\/p>\n","protected":false},"excerpt":{"rendered":"<p>Savez slijepih Crne Gore je izdao proglas povodom 15. oktobra koji se obilje\u017eava kao Svjetski Dan bijelog &scaron;tapa u kome se od crnogorske dr\u017eave i dru&scaron;tva zahtijeva &quot;da slijepima omogu\u0107e i stvore uslove za punu dru&scaron;tvenu integraciju i produktivan \u017eivot i rad&quot;.<\/p>\n","protected":false},"author":1,"featured_media":0,"comment_status":"open","ping_status":"closed","sticky":false,"template":"","format":"standard","meta":{"_seopress_robots_primary_cat":"","_seopress_titles_title":"","_seopress_titles_desc":"","_seopress_robots_index":"","_et_pb_use_builder":"","_et_pb_old_content":"","_et_gb_content_width":"","inline_featured_image":false,"footnotes":""},"categories":[14],"tags":[],"class_list":["post-32076","post","type-post","status-publish","format-standard","hentry","category-vijesti"],"_links":{"self":[{"href":"https:\/\/www.pcnen.com\/portal\/wp-json\/wp\/v2\/posts\/32076","targetHints":{"allow":["GET"]}}],"collection":[{"href":"https:\/\/www.pcnen.com\/portal\/wp-json\/wp\/v2\/posts"}],"about":[{"href":"https:\/\/www.pcnen.com\/portal\/wp-json\/wp\/v2\/types\/post"}],"author":[{"embeddable":true,"href":"https:\/\/www.pcnen.com\/portal\/wp-json\/wp\/v2\/users\/1"}],"replies":[{"embeddable":true,"href":"https:\/\/www.pcnen.com\/portal\/wp-json\/wp\/v2\/comments?post=32076"}],"version-history":[{"count":0,"href":"https:\/\/www.pcnen.com\/portal\/wp-json\/wp\/v2\/posts\/32076\/revisions"}],"wp:attachment":[{"href":"https:\/\/www.pcnen.com\/portal\/wp-json\/wp\/v2\/media?parent=32076"}],"wp:term":[{"taxonomy":"category","embeddable":true,"href":"https:\/\/www.pcnen.com\/portal\/wp-json\/wp\/v2\/categories?post=32076"},{"taxonomy":"post_tag","embeddable":true,"href":"https:\/\/www.pcnen.com\/portal\/wp-json\/wp\/v2\/tags?post=32076"}],"curies":[{"name":"wp","href":"https:\/\/api.w.org\/{rel}","templated":true}]}}