{"id":32074,"date":"2009-10-15T16:48:39","date_gmt":"2009-10-15T16:48:39","guid":{"rendered":"http:\/\/www.pcnen.com\/portal\/?p=32074"},"modified":"2009-10-15T16:48:39","modified_gmt":"2009-10-15T16:48:39","slug":"duvankomerc-ide-u-stecaj","status":"publish","type":"post","link":"https:\/\/www.pcnen.com\/portal\/2009\/10\/15\/duvankomerc-ide-u-stecaj\/","title":{"rendered":"&#8216;Duvankomerc&#8217; ide u ste\u010daj"},"content":{"rendered":"<p>U <em>Duvankomerc<\/em> \u0107e, zbog te&scaron;ke ekonomske situacije u tom preduze\u0107u, biti uveden ste\u010daj, odlu\u010dili su ve\u0107inski vlasnici.<\/p>\n<p>Iz Odbora direktora saop&scaron;teno je da \u0107e sve aktivnosti o uvo\u0111enju ste\u010daja u prodajnu mre\u017eu Duvanskog kombinata Podgorica (DKP) biti realizovane narednih dana, u skladu sa zakonskim propisima, javila je agencija <em>Mina-business<\/em>.<\/p>\n<p>&quot;Svim radnicima koji zbog uvo\u0111enja ste\u010daja ostanu bez posla bi\u0107e obezbije\u0111ene otpremnine vrijedne 1,92 hiljade eura po zaposlenom&quot;, precizirali su iz Odbora.<\/p>\n<p>Ve\u0107inski vlasnici <em>Duvankomerca<\/em>, predstavnici Vlade i menad\u017ementa DKP zaklju\u010dili su da je ekonomsko finansijska situacija u tom preduze\u0107u izuzetno te&scaron;ka, sa tendencijom daljeg pogor&scaron;anja.<\/p>\n<p>&quot;Svako novo zadu\u017eenje i eventualno ulaganje u to preduze\u0107e zna\u010dilo bi samo nove gubitke i produ\u017eenje agonije&quot;, navodi se u saop&scaron;tenju.<\/p>\n<p>Zaposleni u <em>Duvankomercu<\/em> &scaron;trajkuju od 25. maja, nezadovoljni statusom u kompaniji.<\/p>\n","protected":false},"excerpt":{"rendered":"<p>U Duvankomerc \u0107e, zbog te&scaron;ke ekonomske situacije u tom preduze\u0107u, biti uveden ste\u010daj, odlu\u010dili su ve\u0107inski vlasnici. Iz Odbora direktora saop&scaron;teno je da \u0107e sve aktivnosti o uvo\u0111enju ste\u010daja u prodajnu mre\u017eu Duvanskog kombinata Podgorica (DKP) biti realizovane narednih dana, u skladu sa zakonskim propisima, javila je agencija Mina-business. &quot;Svim radnicima koji zbog uvo\u0111enja ste\u010daja [&hellip;]<\/p>\n","protected":false},"author":1,"featured_media":0,"comment_status":"open","ping_status":"closed","sticky":false,"template":"","format":"standard","meta":{"_seopress_robots_primary_cat":"","_seopress_titles_title":"","_seopress_titles_desc":"","_seopress_robots_index":"","_et_pb_use_builder":"","_et_pb_old_content":"","_et_gb_content_width":"","inline_featured_image":false,"footnotes":""},"categories":[14],"tags":[],"class_list":["post-32074","post","type-post","status-publish","format-standard","hentry","category-vijesti"],"_links":{"self":[{"href":"https:\/\/www.pcnen.com\/portal\/wp-json\/wp\/v2\/posts\/32074","targetHints":{"allow":["GET"]}}],"collection":[{"href":"https:\/\/www.pcnen.com\/portal\/wp-json\/wp\/v2\/posts"}],"about":[{"href":"https:\/\/www.pcnen.com\/portal\/wp-json\/wp\/v2\/types\/post"}],"author":[{"embeddable":true,"href":"https:\/\/www.pcnen.com\/portal\/wp-json\/wp\/v2\/users\/1"}],"replies":[{"embeddable":true,"href":"https:\/\/www.pcnen.com\/portal\/wp-json\/wp\/v2\/comments?post=32074"}],"version-history":[{"count":0,"href":"https:\/\/www.pcnen.com\/portal\/wp-json\/wp\/v2\/posts\/32074\/revisions"}],"wp:attachment":[{"href":"https:\/\/www.pcnen.com\/portal\/wp-json\/wp\/v2\/media?parent=32074"}],"wp:term":[{"taxonomy":"category","embeddable":true,"href":"https:\/\/www.pcnen.com\/portal\/wp-json\/wp\/v2\/categories?post=32074"},{"taxonomy":"post_tag","embeddable":true,"href":"https:\/\/www.pcnen.com\/portal\/wp-json\/wp\/v2\/tags?post=32074"}],"curies":[{"name":"wp","href":"https:\/\/api.w.org\/{rel}","templated":true}]}}