{"id":32073,"date":"2009-10-15T16:55:04","date_gmt":"2009-10-15T16:55:04","guid":{"rendered":"http:\/\/www.pcnen.com\/portal\/?p=32073"},"modified":"2009-10-15T16:55:04","modified_gmt":"2009-10-15T16:55:04","slug":"srbija-nece-u-nato","status":"publish","type":"post","link":"https:\/\/www.pcnen.com\/portal\/2009\/10\/15\/srbija-nece-u-nato\/","title":{"rendered":"Srbija ne\u0107e u NATO"},"content":{"rendered":"<p>Ministar odbrane Dragan &Scaron;utanovac rekao je da Srbija trenutno nije zainteresovana za podno&scaron;enje zahtjeva za \u010dlanstvo u NATO, niti je ta organizacija ikada to postavila kao uslov za dalje unapre\u0111enje saradnje, prenijela je agencija <em>Tanjug<\/em>.<\/p>\n<p>&Scaron;utanovac smatra da NATO vi&scaron;e nije onaj isti vojni savez 12 dr\u017eava osniva\u010da, koji je stvoren kao odgovor na po\u010detak ideolo&scaron;kog sukoba na relaciji Istok-Zapad.<\/p>\n","protected":false},"excerpt":{"rendered":"<p>Ministar odbrane Dragan &Scaron;utanovac rekao je da Srbija trenutno nije zainteresovana za podno&scaron;enje zahtjeva za \u010dlanstvo u NATO, niti je ta organizacija ikada to postavila kao uslov za dalje unapre\u0111enje saradnje, prenijela je agencija Tanjug. &Scaron;utanovac smatra da NATO vi&scaron;e nije onaj isti vojni savez 12 dr\u017eava osniva\u010da, koji je stvoren kao odgovor na po\u010detak [&hellip;]<\/p>\n","protected":false},"author":1,"featured_media":0,"comment_status":"open","ping_status":"closed","sticky":false,"template":"","format":"standard","meta":{"_seopress_robots_primary_cat":"","_seopress_titles_title":"","_seopress_titles_desc":"","_seopress_robots_index":"","_et_pb_use_builder":"","_et_pb_old_content":"","_et_gb_content_width":"","inline_featured_image":false,"footnotes":""},"categories":[14],"tags":[],"class_list":["post-32073","post","type-post","status-publish","format-standard","hentry","category-vijesti"],"_links":{"self":[{"href":"https:\/\/www.pcnen.com\/portal\/wp-json\/wp\/v2\/posts\/32073","targetHints":{"allow":["GET"]}}],"collection":[{"href":"https:\/\/www.pcnen.com\/portal\/wp-json\/wp\/v2\/posts"}],"about":[{"href":"https:\/\/www.pcnen.com\/portal\/wp-json\/wp\/v2\/types\/post"}],"author":[{"embeddable":true,"href":"https:\/\/www.pcnen.com\/portal\/wp-json\/wp\/v2\/users\/1"}],"replies":[{"embeddable":true,"href":"https:\/\/www.pcnen.com\/portal\/wp-json\/wp\/v2\/comments?post=32073"}],"version-history":[{"count":0,"href":"https:\/\/www.pcnen.com\/portal\/wp-json\/wp\/v2\/posts\/32073\/revisions"}],"wp:attachment":[{"href":"https:\/\/www.pcnen.com\/portal\/wp-json\/wp\/v2\/media?parent=32073"}],"wp:term":[{"taxonomy":"category","embeddable":true,"href":"https:\/\/www.pcnen.com\/portal\/wp-json\/wp\/v2\/categories?post=32073"},{"taxonomy":"post_tag","embeddable":true,"href":"https:\/\/www.pcnen.com\/portal\/wp-json\/wp\/v2\/tags?post=32073"}],"curies":[{"name":"wp","href":"https:\/\/api.w.org\/{rel}","templated":true}]}}