{"id":32072,"date":"2009-10-15T16:22:37","date_gmt":"2009-10-15T16:22:37","guid":{"rendered":"http:\/\/www.pcnen.com\/portal\/?p=32072"},"modified":"2009-10-15T16:22:37","modified_gmt":"2009-10-15T16:22:37","slug":"dvodnevni-strajk-novinara-anse","status":"publish","type":"post","link":"https:\/\/www.pcnen.com\/portal\/2009\/10\/15\/dvodnevni-strajk-novinara-anse\/","title":{"rendered":"Dvodnevni \u0161trajk novinara Anse"},"content":{"rendered":"<p>Novinari vode\u0107e italijanske novinske agencije <em>Ansa<\/em> stupili su danas u dvodnevni &scaron;trajk u znak protesta zbog najavljenih otpu&scaron;tanja zaposlenih. <\/p>\n<p>&quot;Uprava je pokazala da ne namjerava da pregovara ve\u0107 da \u017eeli da posti\u017ee rezultate smanjuju\u0107i broj zaposlenih i ne vode\u0107i ra\u010duna o redakciji. Sindikat smatra da na toj osnovi nije mogu\u0107e posti\u0107i bilo kakav dogovor&quot;, prenijela je agencija <em>Beta<\/em> navode iz saop&scaron;tenja redakcije. <\/p>\n<p>S obzirom na stav uprave agencije, sindikat je odlu\u010dio da je &scaron;trajk jedino mogu\u0107i odgovor. <\/p>\n<p>Novinari <em>Anse<\/em> su ve\u0107 jednom sa istim zahtjevima po\u010detkom jula bili u dvodnevnom &scaron;trajku.<\/p>\n","protected":false},"excerpt":{"rendered":"<p>Novinari vode\u0107e italijanske novinske agencije Ansa stupili su danas u dvodnevni &scaron;trajk u znak protesta zbog najavljenih otpu&scaron;tanja zaposlenih. &quot;Uprava je pokazala da ne namjerava da pregovara ve\u0107 da \u017eeli da posti\u017ee rezultate smanjuju\u0107i broj zaposlenih i ne vode\u0107i ra\u010duna o redakciji. Sindikat smatra da na toj osnovi nije mogu\u0107e posti\u0107i bilo kakav dogovor&quot;, prenijela [&hellip;]<\/p>\n","protected":false},"author":1,"featured_media":0,"comment_status":"open","ping_status":"closed","sticky":false,"template":"","format":"standard","meta":{"_seopress_robots_primary_cat":"","_seopress_titles_title":"","_seopress_titles_desc":"","_seopress_robots_index":"","_et_pb_use_builder":"","_et_pb_old_content":"","_et_gb_content_width":"","inline_featured_image":false,"footnotes":""},"categories":[14],"tags":[],"class_list":["post-32072","post","type-post","status-publish","format-standard","hentry","category-vijesti"],"_links":{"self":[{"href":"https:\/\/www.pcnen.com\/portal\/wp-json\/wp\/v2\/posts\/32072","targetHints":{"allow":["GET"]}}],"collection":[{"href":"https:\/\/www.pcnen.com\/portal\/wp-json\/wp\/v2\/posts"}],"about":[{"href":"https:\/\/www.pcnen.com\/portal\/wp-json\/wp\/v2\/types\/post"}],"author":[{"embeddable":true,"href":"https:\/\/www.pcnen.com\/portal\/wp-json\/wp\/v2\/users\/1"}],"replies":[{"embeddable":true,"href":"https:\/\/www.pcnen.com\/portal\/wp-json\/wp\/v2\/comments?post=32072"}],"version-history":[{"count":0,"href":"https:\/\/www.pcnen.com\/portal\/wp-json\/wp\/v2\/posts\/32072\/revisions"}],"wp:attachment":[{"href":"https:\/\/www.pcnen.com\/portal\/wp-json\/wp\/v2\/media?parent=32072"}],"wp:term":[{"taxonomy":"category","embeddable":true,"href":"https:\/\/www.pcnen.com\/portal\/wp-json\/wp\/v2\/categories?post=32072"},{"taxonomy":"post_tag","embeddable":true,"href":"https:\/\/www.pcnen.com\/portal\/wp-json\/wp\/v2\/tags?post=32072"}],"curies":[{"name":"wp","href":"https:\/\/api.w.org\/{rel}","templated":true}]}}