{"id":32070,"date":"2009-10-15T13:52:44","date_gmt":"2009-10-15T13:52:44","guid":{"rendered":"http:\/\/www.pcnen.com\/portal\/?p=32070"},"modified":"2009-10-15T13:52:44","modified_gmt":"2009-10-15T13:52:44","slug":"sabor-obiljezio-dan-kravate","status":"publish","type":"post","link":"https:\/\/www.pcnen.com\/portal\/2009\/10\/15\/sabor-obiljezio-dan-kravate\/","title":{"rendered":"Sabor obilje\u017eio Dan kravate"},"content":{"rendered":"<p>Hrvatski sabor je obilje\u017eio danas <a href=\"http:\/\/academia-cravatica.hr\/\">Dan kravate<\/a> 18. oktobar koji se u Hrvatskoj obilje\u017eava posljednjih pet godina.<\/p>\n<p>Predsjednik Sabora Luka Bebi\u0107 je rekao poslanicima na po\u010detku sjednice da brendiranjem kravate kao hrvatskog izuma Hrvatska u svijetu promovi&scaron;e i svoje i evropske vrijednosti, prenosi agencija <em>Beta<\/em>.<\/p>\n<p>&quot;Da je kravata hrvatski izum bilo je 1990. malo poznato i me\u0111u Hrvatima, a danas je poznato &scaron;irom svijeta&quot;, kazao je Bebi\u0107, podsjetiv&scaron;i da je Sabor pro&scaron;le godine 18. oktobar proglasio Danom kravate.<\/p>\n","protected":false},"excerpt":{"rendered":"<p>Hrvatski sabor je obilje\u017eio danas Dan kravate 18. oktobar koji se u Hrvatskoj obilje\u017eava posljednjih pet godina. Predsjednik Sabora Luka Bebi\u0107 je rekao poslanicima na po\u010detku sjednice da brendiranjem kravate kao hrvatskog izuma Hrvatska u svijetu promovi&scaron;e i svoje i evropske vrijednosti, prenosi agencija Beta. &quot;Da je kravata hrvatski izum bilo je 1990. malo poznato [&hellip;]<\/p>\n","protected":false},"author":1,"featured_media":0,"comment_status":"open","ping_status":"closed","sticky":false,"template":"","format":"standard","meta":{"_seopress_robots_primary_cat":"","_seopress_titles_title":"","_seopress_titles_desc":"","_seopress_robots_index":"","_et_pb_use_builder":"","_et_pb_old_content":"","_et_gb_content_width":"","inline_featured_image":false,"footnotes":""},"categories":[14],"tags":[],"class_list":["post-32070","post","type-post","status-publish","format-standard","hentry","category-vijesti"],"_links":{"self":[{"href":"https:\/\/www.pcnen.com\/portal\/wp-json\/wp\/v2\/posts\/32070","targetHints":{"allow":["GET"]}}],"collection":[{"href":"https:\/\/www.pcnen.com\/portal\/wp-json\/wp\/v2\/posts"}],"about":[{"href":"https:\/\/www.pcnen.com\/portal\/wp-json\/wp\/v2\/types\/post"}],"author":[{"embeddable":true,"href":"https:\/\/www.pcnen.com\/portal\/wp-json\/wp\/v2\/users\/1"}],"replies":[{"embeddable":true,"href":"https:\/\/www.pcnen.com\/portal\/wp-json\/wp\/v2\/comments?post=32070"}],"version-history":[{"count":0,"href":"https:\/\/www.pcnen.com\/portal\/wp-json\/wp\/v2\/posts\/32070\/revisions"}],"wp:attachment":[{"href":"https:\/\/www.pcnen.com\/portal\/wp-json\/wp\/v2\/media?parent=32070"}],"wp:term":[{"taxonomy":"category","embeddable":true,"href":"https:\/\/www.pcnen.com\/portal\/wp-json\/wp\/v2\/categories?post=32070"},{"taxonomy":"post_tag","embeddable":true,"href":"https:\/\/www.pcnen.com\/portal\/wp-json\/wp\/v2\/tags?post=32070"}],"curies":[{"name":"wp","href":"https:\/\/api.w.org\/{rel}","templated":true}]}}