{"id":32068,"date":"2009-10-15T13:06:54","date_gmt":"2009-10-15T13:06:54","guid":{"rendered":"http:\/\/www.pcnen.com\/portal\/?p=32068"},"modified":"2009-10-15T13:06:54","modified_gmt":"2009-10-15T13:06:54","slug":"u-budvi-o-klimatskim-promjena-i-odrzivom-razvoju","status":"publish","type":"post","link":"https:\/\/www.pcnen.com\/portal\/2009\/10\/15\/u-budvi-o-klimatskim-promjena-i-odrzivom-razvoju\/","title":{"rendered":"U Budvi o klimatskim promjena i odr\u017eivom razvoju"},"content":{"rendered":"<p>Konferencija posve\u0107ena klimatskim promjenama i odr\u017eivom razvoju u Jugoisto\u010dnoj Evropi i Mediteranskom regionu po\u010de\u0107e sjutra u Budvi, a organizuju je crnogorsko Ministarstvo ure\u0111enja prostora i za&scaron;tite \u017eivotne sredine i Ministarstvo za \u017eivotnu sredinu Italije.<\/p>\n<p>Konferenciji \u0107e, kako je zvani\u010dno saop&scaron;teno, prisustvovati oko 20 delegacija zemalja iz regiona Mediterana i jugoisto\u010dne Evrope, veliki broj me\u0111unarodnih organizacija, predstavnici dr\u017eavnih i lokalnih organa uprave i institucija nadle\u017enih ne samo za za&scaron;titu \u017eivotne sredine, ve\u0107 i za energetiku, transport, poljoprivredu.<\/p>\n<p>Namjera organizatora je, pored ostalog, da podstakne izgradnju partnerstva sa ciljem oja\u010davanja tehni\u010dke i finansijske mogu\u0107nosti realizacije mjera, u kontekstu regionalnih i nacionalnih prioriteta. <\/p>\n<p>U\u010de&scaron;\u0107e je potvrdilo vi&scaron;e od 300 u\u010desnika, od kojih \u0107e vi&scaron;e od 100 biti predstavnici dr\u017eava regiona i me\u0111unarodnih organizacija.<\/p>\n<p>Konferencija \u0107e trajati dva dana u hotelu Splendid, a otvori\u0107e je crnogorski premijer Milo \u0110ukanovi\u0107.<\/p>\n<p>Detaljnije informacije o konferenciji mogu se na\u0107i <a href=\"http:\/\/www.ccsd-conference.me\/?a=home\">ovdje.<\/a><\/p>\n","protected":false},"excerpt":{"rendered":"<p>Konferencija posve\u0107ena klimatskim promjenama i odr\u017eivom razvoju u Jugoisto\u010dnoj Evropi i Mediteranskom regionu po\u010de\u0107e sjutra u Budvi, a organizuju je crnogorsko Ministarstvo ure\u0111enja prostora i za&scaron;tite \u017eivotne sredine i Ministarstvo za \u017eivotnu sredinu Italije. Konferenciji \u0107e, kako je zvani\u010dno saop&scaron;teno, prisustvovati oko 20 delegacija zemalja iz regiona Mediterana i jugoisto\u010dne Evrope, veliki broj me\u0111unarodnih organizacija, [&hellip;]<\/p>\n","protected":false},"author":1,"featured_media":0,"comment_status":"open","ping_status":"closed","sticky":false,"template":"","format":"standard","meta":{"_seopress_robots_primary_cat":"","_seopress_titles_title":"","_seopress_titles_desc":"","_seopress_robots_index":"","_et_pb_use_builder":"","_et_pb_old_content":"","_et_gb_content_width":"","inline_featured_image":false,"footnotes":""},"categories":[14],"tags":[],"class_list":["post-32068","post","type-post","status-publish","format-standard","hentry","category-vijesti"],"_links":{"self":[{"href":"https:\/\/www.pcnen.com\/portal\/wp-json\/wp\/v2\/posts\/32068","targetHints":{"allow":["GET"]}}],"collection":[{"href":"https:\/\/www.pcnen.com\/portal\/wp-json\/wp\/v2\/posts"}],"about":[{"href":"https:\/\/www.pcnen.com\/portal\/wp-json\/wp\/v2\/types\/post"}],"author":[{"embeddable":true,"href":"https:\/\/www.pcnen.com\/portal\/wp-json\/wp\/v2\/users\/1"}],"replies":[{"embeddable":true,"href":"https:\/\/www.pcnen.com\/portal\/wp-json\/wp\/v2\/comments?post=32068"}],"version-history":[{"count":0,"href":"https:\/\/www.pcnen.com\/portal\/wp-json\/wp\/v2\/posts\/32068\/revisions"}],"wp:attachment":[{"href":"https:\/\/www.pcnen.com\/portal\/wp-json\/wp\/v2\/media?parent=32068"}],"wp:term":[{"taxonomy":"category","embeddable":true,"href":"https:\/\/www.pcnen.com\/portal\/wp-json\/wp\/v2\/categories?post=32068"},{"taxonomy":"post_tag","embeddable":true,"href":"https:\/\/www.pcnen.com\/portal\/wp-json\/wp\/v2\/tags?post=32068"}],"curies":[{"name":"wp","href":"https:\/\/api.w.org\/{rel}","templated":true}]}}