{"id":320616,"date":"2021-05-27T13:10:56","date_gmt":"2021-05-27T11:10:56","guid":{"rendered":"https:\/\/www.pcnen.com\/portal\/?p=320616"},"modified":"2021-05-27T13:01:28","modified_gmt":"2021-05-27T11:01:28","slug":"poceo-premijerski-sat-uzivo","status":"publish","type":"post","link":"https:\/\/www.pcnen.com\/portal\/2021\/05\/27\/poceo-premijerski-sat-uzivo\/","title":{"rendered":"Po\u010deo premijerski sat (u\u017eivo)"},"content":{"rendered":"<p>U ime Kluba poslanika Demokratskog fronta Milan Kne\u017eevi\u0107 pita\u0107e Krivokapi\u0107a kakva saznanja ima o kontaktima Stevana Simijanovi\u0107a u Crnoj Gori.<\/p>\n<p>\u201cNa osnovu Va\u0161e izjave o Simijanovi\u0107u da \u201cuop\u0161te nije opasan kao \u0161to se predstavlja, ali je pustio mamac na koji je uspio da se upeca\u201d, interesuju me Va\u0161a saznanja o njegovim kontaktima u Crnoj Gori, ulozi u formiranju Vlade \u010diji ste premijer i na \u010demu se zasniva Va\u0161, javno izne\u0161eni stav, o tom licu\u201d, navodi se u pitanju Kne\u017eevi\u0107a,prenosi Mina.<\/p>\n<p>Predsjednik Kluba poslanika Bo\u0161nja\u010dke stranke Ervin Ibrahimovi\u0107 pita\u0107e Krivokapi\u0107a kada Vlada planira da zvani\u010dno otvori i pusti u funkciju grani\u010dni prelaz Zatrijeba\u010dka Cijevna \u2013 Grabon.<\/p>\n<p>Predstavnika Kluba poslanika Socijaldemokratske partije \u2013 Albanske koalicije Jednoglasno Fatmira \u0110eku interesuje koliko je do sada Vlada imenovala funkcionera i koliko je njih iz redova manjinskih naroda, posebno Albanaca.<\/p>\n<p>\u201cZa gotovo \u0161est mjeseci trajanja Va\u0161eg mandata imamo, na\u017ealost, zanemarljiv broj pripadnika manjinskih naroda, tu prije svega mislim na Albance, kojima je zapalo da budu u nekoj instituciji\u201d, naveo je \u0110eka.<\/p>\n<p>\u0160ef Kluba poslanika Pokreta za promjene Branko Radulovi\u0107 pita\u0107e Krivokapi\u0107a da li bi rebalans bud\u017eeta u tre\u0107em kvartalu doprinio po\u010detku ostvarivanja dinami\u010dnog i dugoro\u010dnog ekonomskog razvoja i velikog investicionog ciklusa u Crnoj Gori.<\/p>\n<p>Predstavnicu Kluba poslanika Crno na bijelo Suadu Zoronji\u0107 interesuje da li Krivokapi\u0107 namjerava da uskoro posjeti Bijelo Polje i upozna se sa dinamikom realizacije infrastrukturnih projekata i njihovim zna\u010dajem za stanovni\u0161tvo tog grada i sjevera.<\/p>\n<p>Ona smatra da \u0107e bud\u017eet za ovu godinu usporiti, a mo\u017eda i zaustaviti zapo\u010dete infrastrukturne projekte u Bijelom Polju.<\/p>\n<p>\u201cDa li na taj na\u010din afirmi\u0161ete i pospje\u0161ujete razvoj sjevera i da li je to u skladu sa strategijom regionalnog razvoja\u201d, pita\u0107e Zoronji\u0107 premijera.<\/p>\n<p>Predsjednik poslani\u010dkog kluba Socijaldemokrata Ivan Brajovi\u0107 pita\u0107e Krivokapi\u0107a kada se mo\u017ee o\u010dekivati usagla\u0161enost izme\u0111u rije\u010di i djela u radu Vlade.<\/p>\n<p>On je kazao da Krivokapi\u0107 u nastupima \u010desto govori o potrebi pomirenja u Crnoj Gori, o ve\u0107oj transparentnosti u radu i o\u010dekivanom br\u017eem ekonomskom razvoju, ali da ono \u0161to on i Vlada rade nije u saglasnosti sa tim rije\u010dima.<\/p>\n<p>\u201eKada mo\u017eemo o\u010dekivati usagla\u0161enost izme\u0111u rije\u010di i djela jer ve\u0107 je pro\u0161lo devet mjeseci od parlamentarnih izbora\u201d, pita\u0107e Brajovi\u0107 premijera.<\/p>\n<p>Predsjednik Kluba poslanika Demokrata Boris Bogdanovi\u0107 pita\u0107e premijera koje je sve mjere Vlada preduzela na pobolj\u0161anju uslova \u017eivota i standarda penzionera, prosvjetnih radnika, zdravstvenih radnika, malih preduzetnika, lica na zavodu za zapo\u0161ljavanje i drugih dru\u0161tvenih grupa.<\/p>\n<p>Poslanici \u0107e, prije Premijerskog sata, ponovo glasati o Zakonu o izmjenama i dopunama Zakona o dr\u017eavnom tu\u017eila\u0161tvu.<\/p>\n<p>Predsjednik dr\u017eave Milo \u0110ukanovi\u0107 je taj Zakon, koji je usvojen 12. maja, vratio parlamentu na ponovno odlu\u010divanje.<\/p>\n<p><iframe loading=\"lazy\" title=\"Nastavak \u010cetvrte sjednice Prvog redovnog zasijedanja u 2021. godini \u2013 deseti dan, 27.05.2021.\" width=\"1080\" height=\"608\" src=\"https:\/\/www.youtube.com\/embed\/wbHvyzsRQbE?feature=oembed\" frameborder=\"0\" allow=\"accelerometer; autoplay; clipboard-write; encrypted-media; gyroscope; picture-in-picture; web-share\" allowfullscreen><\/iframe><\/p>\n","protected":false},"excerpt":{"rendered":"<p>Predsjednik Vlade Zdravko Krivokapi\u0107 \u0107e danas, u okviru instituta Premijerski sat odgovarati na pitanja klubova poslanika u Skup\u0161tini Crne Gore. Premijerski sat po\u010dinje u 12.00 sati,<\/p>\n","protected":false},"author":1,"featured_media":309698,"comment_status":"open","ping_status":"closed","sticky":false,"template":"","format":"standard","meta":{"_seopress_robots_primary_cat":"","_seopress_titles_title":"","_seopress_titles_desc":"","_seopress_robots_index":"","_et_pb_use_builder":"","_et_pb_old_content":"","_et_gb_content_width":"","inline_featured_image":false,"footnotes":""},"categories":[14],"tags":[],"class_list":["post-320616","post","type-post","status-publish","format-standard","has-post-thumbnail","hentry","category-vijesti"],"_links":{"self":[{"href":"https:\/\/www.pcnen.com\/portal\/wp-json\/wp\/v2\/posts\/320616","targetHints":{"allow":["GET"]}}],"collection":[{"href":"https:\/\/www.pcnen.com\/portal\/wp-json\/wp\/v2\/posts"}],"about":[{"href":"https:\/\/www.pcnen.com\/portal\/wp-json\/wp\/v2\/types\/post"}],"author":[{"embeddable":true,"href":"https:\/\/www.pcnen.com\/portal\/wp-json\/wp\/v2\/users\/1"}],"replies":[{"embeddable":true,"href":"https:\/\/www.pcnen.com\/portal\/wp-json\/wp\/v2\/comments?post=320616"}],"version-history":[{"count":3,"href":"https:\/\/www.pcnen.com\/portal\/wp-json\/wp\/v2\/posts\/320616\/revisions"}],"predecessor-version":[{"id":320627,"href":"https:\/\/www.pcnen.com\/portal\/wp-json\/wp\/v2\/posts\/320616\/revisions\/320627"}],"wp:featuredmedia":[{"embeddable":true,"href":"https:\/\/www.pcnen.com\/portal\/wp-json\/wp\/v2\/media\/309698"}],"wp:attachment":[{"href":"https:\/\/www.pcnen.com\/portal\/wp-json\/wp\/v2\/media?parent=320616"}],"wp:term":[{"taxonomy":"category","embeddable":true,"href":"https:\/\/www.pcnen.com\/portal\/wp-json\/wp\/v2\/categories?post=320616"},{"taxonomy":"post_tag","embeddable":true,"href":"https:\/\/www.pcnen.com\/portal\/wp-json\/wp\/v2\/tags?post=320616"}],"curies":[{"name":"wp","href":"https:\/\/api.w.org\/{rel}","templated":true}]}}