{"id":32061,"date":"2009-10-15T10:14:20","date_gmt":"2009-10-15T10:14:20","guid":{"rendered":"http:\/\/www.pcnen.com\/portal\/?p=32061"},"modified":"2009-10-15T10:14:20","modified_gmt":"2009-10-15T10:14:20","slug":"sreder-priznavanje-kosova-bilo-greska","status":"publish","type":"post","link":"https:\/\/www.pcnen.com\/portal\/2009\/10\/15\/sreder-priznavanje-kosova-bilo-greska\/","title":{"rendered":"\u0160reder: Priznavanje Kosova bilo gre\u0161ka"},"content":{"rendered":"<p>Biv&scaron;i njema\u010dki kancelar Gerhard &Scaron;reder je izjavio da je priznavanje jednostrano progla&scaron;ene nezavisnosti Kosova bilo velika gre&scaron;ka, na &scaron;ta ukazuje i \u010dinjenica da dvije tre\u0107ine me\u0111unarodne zajednice to nije u\u010dinilo i ocijenio da je budu\u0107nost Srbije u Evropskoj Uniji.<\/p>\n<p>&quot;Priznavanje nezavisnosti Kosova sam kritikovao, jer je bilo preuranjeno i uslovljeno velikim pritiskom tada&scaron;nje ameri\u010dke administracije&quot;, rekao je &Scaron;reder u intervijuu za beogradski nedjeljnik <em><a href=\"http:\/\/www.nin.co.rs\/\">NIN<\/a><\/em>, prenose on line mediji.<\/p>\n","protected":false},"excerpt":{"rendered":"<p>Biv&scaron;i njema\u010dki kancelar Gerhard &Scaron;reder je izjavio da je priznavanje jednostrano progla&scaron;ene nezavisnosti Kosova bilo velika gre&scaron;ka, na &scaron;ta ukazuje i \u010dinjenica da dvije tre\u0107ine me\u0111unarodne zajednice to nije u\u010dinilo i ocijenio da je budu\u0107nost Srbije u Evropskoj Uniji. &quot;Priznavanje nezavisnosti Kosova sam kritikovao, jer je bilo preuranjeno i uslovljeno velikim pritiskom tada&scaron;nje ameri\u010dke administracije&quot;, [&hellip;]<\/p>\n","protected":false},"author":1,"featured_media":0,"comment_status":"open","ping_status":"closed","sticky":false,"template":"","format":"standard","meta":{"_seopress_robots_primary_cat":"","_seopress_titles_title":"","_seopress_titles_desc":"","_seopress_robots_index":"","_et_pb_use_builder":"","_et_pb_old_content":"","_et_gb_content_width":"","inline_featured_image":false,"footnotes":""},"categories":[14],"tags":[],"class_list":["post-32061","post","type-post","status-publish","format-standard","hentry","category-vijesti"],"_links":{"self":[{"href":"https:\/\/www.pcnen.com\/portal\/wp-json\/wp\/v2\/posts\/32061","targetHints":{"allow":["GET"]}}],"collection":[{"href":"https:\/\/www.pcnen.com\/portal\/wp-json\/wp\/v2\/posts"}],"about":[{"href":"https:\/\/www.pcnen.com\/portal\/wp-json\/wp\/v2\/types\/post"}],"author":[{"embeddable":true,"href":"https:\/\/www.pcnen.com\/portal\/wp-json\/wp\/v2\/users\/1"}],"replies":[{"embeddable":true,"href":"https:\/\/www.pcnen.com\/portal\/wp-json\/wp\/v2\/comments?post=32061"}],"version-history":[{"count":0,"href":"https:\/\/www.pcnen.com\/portal\/wp-json\/wp\/v2\/posts\/32061\/revisions"}],"wp:attachment":[{"href":"https:\/\/www.pcnen.com\/portal\/wp-json\/wp\/v2\/media?parent=32061"}],"wp:term":[{"taxonomy":"category","embeddable":true,"href":"https:\/\/www.pcnen.com\/portal\/wp-json\/wp\/v2\/categories?post=32061"},{"taxonomy":"post_tag","embeddable":true,"href":"https:\/\/www.pcnen.com\/portal\/wp-json\/wp\/v2\/tags?post=32061"}],"curies":[{"name":"wp","href":"https:\/\/api.w.org\/{rel}","templated":true}]}}