{"id":32053,"date":"2009-10-14T17:24:51","date_gmt":"2009-10-14T17:24:51","guid":{"rendered":"http:\/\/www.pcnen.com\/portal\/?p=32053"},"modified":"2009-10-14T17:24:51","modified_gmt":"2009-10-14T17:24:51","slug":"ni-traga-od-oca-poljskog-konzula-u-crnoj-gori","status":"publish","type":"post","link":"https:\/\/www.pcnen.com\/portal\/2009\/10\/14\/ni-traga-od-oca-poljskog-konzula-u-crnoj-gori\/","title":{"rendered":"Ni traga od oca poljskog konzula u Crnoj Gori"},"content":{"rendered":"<p>Njegov sin je rekao da je Pavel hroni\u010dni sr\u010dani bolesnik i da njegova bolest ne dozvoljava ve\u0107e napore i uspone.<\/p>\n","protected":false},"excerpt":{"rendered":"<p>Otac poljskog konzula u Crnoj Gori Jaroslava Gruka, Pavel (71), koji je nestao prekju\u010de oko 15 sati na \u017dabljaku, ni danas nije prona\u0111en uprkos temeljnoj potrazi.<\/p>\n","protected":false},"author":1,"featured_media":0,"comment_status":"open","ping_status":"closed","sticky":false,"template":"","format":"standard","meta":{"_seopress_robots_primary_cat":"","_seopress_titles_title":"","_seopress_titles_desc":"","_seopress_robots_index":"","_et_pb_use_builder":"","_et_pb_old_content":"","_et_gb_content_width":"","inline_featured_image":false,"footnotes":""},"categories":[14],"tags":[],"class_list":["post-32053","post","type-post","status-publish","format-standard","hentry","category-vijesti"],"_links":{"self":[{"href":"https:\/\/www.pcnen.com\/portal\/wp-json\/wp\/v2\/posts\/32053","targetHints":{"allow":["GET"]}}],"collection":[{"href":"https:\/\/www.pcnen.com\/portal\/wp-json\/wp\/v2\/posts"}],"about":[{"href":"https:\/\/www.pcnen.com\/portal\/wp-json\/wp\/v2\/types\/post"}],"author":[{"embeddable":true,"href":"https:\/\/www.pcnen.com\/portal\/wp-json\/wp\/v2\/users\/1"}],"replies":[{"embeddable":true,"href":"https:\/\/www.pcnen.com\/portal\/wp-json\/wp\/v2\/comments?post=32053"}],"version-history":[{"count":0,"href":"https:\/\/www.pcnen.com\/portal\/wp-json\/wp\/v2\/posts\/32053\/revisions"}],"wp:attachment":[{"href":"https:\/\/www.pcnen.com\/portal\/wp-json\/wp\/v2\/media?parent=32053"}],"wp:term":[{"taxonomy":"category","embeddable":true,"href":"https:\/\/www.pcnen.com\/portal\/wp-json\/wp\/v2\/categories?post=32053"},{"taxonomy":"post_tag","embeddable":true,"href":"https:\/\/www.pcnen.com\/portal\/wp-json\/wp\/v2\/tags?post=32053"}],"curies":[{"name":"wp","href":"https:\/\/api.w.org\/{rel}","templated":true}]}}