{"id":320500,"date":"2021-05-25T12:55:49","date_gmt":"2021-05-25T10:55:49","guid":{"rendered":"https:\/\/www.pcnen.com\/portal\/?p=320500"},"modified":"2021-05-25T12:56:38","modified_gmt":"2021-05-25T10:56:38","slug":"biolog-mi-stopu-krivolova-podizemo-na-visi-nivo","status":"publish","type":"post","link":"https:\/\/www.pcnen.com\/portal\/2021\/05\/25\/biolog-mi-stopu-krivolova-podizemo-na-visi-nivo\/","title":{"rendered":"Biolog: Mi stopu krivolova podi\u017eemo na vi\u0161i nivo"},"content":{"rendered":"<p>\u201cNa dobrom smo putu zar ne? Jo\u0161 se ni mastilo na papiru nije osu\u0161ilo, mi stopu krivolova podi\u017eemo na ve\u0107i nivo. Sigurni smo da nismo ni \u010ditali \u0161ta potpisujemo\u201d, ka\u017ee Perovi\u0107.<\/p>\n<p>On napominje da od sada \u201cdonosioci odluka i politi\u010dari vi\u0161e nemaju pravo propagiranja Crne Gore kao zelene destinacije\u201d. \u201cNemate pravo pozivanja turista da u\u017eivaju u divljinama na\u0161e najljep\u0161e dr\u017eave. Konstantna isprazna obe\u0107anja i la\u017ei. Od ministra do ministra, bez razlike\u201d.<\/p>\n<p>\u201cDragi gra\u0111ani Crne Gore, su\u017eivot izme\u0111u krupnih zvijeri i \u010dovjeka je mogu\u0107. Ovo nije na\u010din\u201d, poru\u010duje Perovi\u0107. (Foto: arhiva)<\/p>\n<p><a href=\"https:\/\/www.pcnen.com\/portal\/2021\/05\/24\/ubijen-medvjed-u-parku-prirode-dragisnica\/\">Ubijen medvjed u parku prirode Dragi\u0161nica<\/a><\/p>\n<p><a href=\"https:\/\/www.pcnen.com\/portal\/2021\/02\/18\/krivolov-ubijena-mecka\/\">Krivolov: Ubijena me\u010dka<\/a><\/p>\n<p><a href=\"https:\/\/www.pcnen.com\/portal\/2018\/06\/11\/ubijenog-medvjeda-lovci-nasli-u-tari\/\">Ubijenog medvjeda lovci na\u0161li u Tari<\/a><\/p>\n","protected":false},"excerpt":{"rendered":"<p>Aleksandar Perovi\u0107, diplomirani biolog \u2013 mamalog, podsje\u0107a, povodom najnovijeg slu\u010daja ubistva medvjeda, da je u julu lani Crna Gora usvojila Rimski Srtate\u0161ki plan (Rome Strategic plan, baziran na Bernskoj konvenciji), i obavezala se da stopu krivolova u Crnoj Gori smanji 50% do 2030. godine.<\/p>\n","protected":false},"author":1,"featured_media":314350,"comment_status":"open","ping_status":"closed","sticky":false,"template":"","format":"standard","meta":{"_seopress_robots_primary_cat":"","_seopress_titles_title":"","_seopress_titles_desc":"","_seopress_robots_index":"","_et_pb_use_builder":"","_et_pb_old_content":"","_et_gb_content_width":"","inline_featured_image":false,"footnotes":""},"categories":[14],"tags":[],"class_list":["post-320500","post","type-post","status-publish","format-standard","has-post-thumbnail","hentry","category-vijesti"],"_links":{"self":[{"href":"https:\/\/www.pcnen.com\/portal\/wp-json\/wp\/v2\/posts\/320500","targetHints":{"allow":["GET"]}}],"collection":[{"href":"https:\/\/www.pcnen.com\/portal\/wp-json\/wp\/v2\/posts"}],"about":[{"href":"https:\/\/www.pcnen.com\/portal\/wp-json\/wp\/v2\/types\/post"}],"author":[{"embeddable":true,"href":"https:\/\/www.pcnen.com\/portal\/wp-json\/wp\/v2\/users\/1"}],"replies":[{"embeddable":true,"href":"https:\/\/www.pcnen.com\/portal\/wp-json\/wp\/v2\/comments?post=320500"}],"version-history":[{"count":2,"href":"https:\/\/www.pcnen.com\/portal\/wp-json\/wp\/v2\/posts\/320500\/revisions"}],"predecessor-version":[{"id":320503,"href":"https:\/\/www.pcnen.com\/portal\/wp-json\/wp\/v2\/posts\/320500\/revisions\/320503"}],"wp:featuredmedia":[{"embeddable":true,"href":"https:\/\/www.pcnen.com\/portal\/wp-json\/wp\/v2\/media\/314350"}],"wp:attachment":[{"href":"https:\/\/www.pcnen.com\/portal\/wp-json\/wp\/v2\/media?parent=320500"}],"wp:term":[{"taxonomy":"category","embeddable":true,"href":"https:\/\/www.pcnen.com\/portal\/wp-json\/wp\/v2\/categories?post=320500"},{"taxonomy":"post_tag","embeddable":true,"href":"https:\/\/www.pcnen.com\/portal\/wp-json\/wp\/v2\/tags?post=320500"}],"curies":[{"name":"wp","href":"https:\/\/api.w.org\/{rel}","templated":true}]}}