{"id":32043,"date":"2009-10-14T11:46:41","date_gmt":"2009-10-14T11:46:41","guid":{"rendered":"http:\/\/www.pcnen.com\/portal\/?p=32043"},"modified":"2009-10-14T11:46:41","modified_gmt":"2009-10-14T11:46:41","slug":"gruevski-i-taci-sjutra-potpisuju-protokol-o-granici","status":"publish","type":"post","link":"https:\/\/www.pcnen.com\/portal\/2009\/10\/14\/gruevski-i-taci-sjutra-potpisuju-protokol-o-granici\/","title":{"rendered":"Gruevski i Ta\u010di sjutra potpisuju protokol o granici"},"content":{"rendered":"<p>Premijeri Kosova i Makedonije Ha&scaron;im Ta\u010di i Nikola Gruevski potpisa\u0107e protokol o demarkaciji grani\u010dne linije izme\u0111u Kosova i Makedonije, javila je <em>Radio televizija Kosova. <\/em><\/p>\n<p>Pozivaju\u0107i se na izvore iz vlade Kosova, <em>RTK<\/em> je javila da je linija razgrani\u010denja u potpunosti usagla&scaron;ena i da \u0107e u \u010detvrtak, 15. oktobra, u Skoplju dvojica premijera potpisati protokol o tome, prenosi <em>RSE<\/em>. <\/p>\n<p>Do sada je bio sporan samo jedan dio granice kod sela Debelde u op&scaron;tini Vitina. RTK je javio da je i taj dio usagla&scaron;en, \u010dime je okon\u010dan posao na demarkaciji granice izmedju Kosova i Makedonije.<\/p>\n","protected":false},"excerpt":{"rendered":"<p>Premijeri Kosova i Makedonije Ha&scaron;im Ta\u010di i Nikola Gruevski potpisa\u0107e protokol o demarkaciji grani\u010dne linije izme\u0111u Kosova i Makedonije, javila je Radio televizija Kosova. Pozivaju\u0107i se na izvore iz vlade Kosova, RTK je javila da je linija razgrani\u010denja u potpunosti usagla&scaron;ena i da \u0107e u \u010detvrtak, 15. oktobra, u Skoplju dvojica premijera potpisati protokol o [&hellip;]<\/p>\n","protected":false},"author":1,"featured_media":0,"comment_status":"open","ping_status":"closed","sticky":false,"template":"","format":"standard","meta":{"_seopress_robots_primary_cat":"","_seopress_titles_title":"","_seopress_titles_desc":"","_seopress_robots_index":"","_et_pb_use_builder":"","_et_pb_old_content":"","_et_gb_content_width":"","inline_featured_image":false,"footnotes":""},"categories":[14],"tags":[],"class_list":["post-32043","post","type-post","status-publish","format-standard","hentry","category-vijesti"],"_links":{"self":[{"href":"https:\/\/www.pcnen.com\/portal\/wp-json\/wp\/v2\/posts\/32043","targetHints":{"allow":["GET"]}}],"collection":[{"href":"https:\/\/www.pcnen.com\/portal\/wp-json\/wp\/v2\/posts"}],"about":[{"href":"https:\/\/www.pcnen.com\/portal\/wp-json\/wp\/v2\/types\/post"}],"author":[{"embeddable":true,"href":"https:\/\/www.pcnen.com\/portal\/wp-json\/wp\/v2\/users\/1"}],"replies":[{"embeddable":true,"href":"https:\/\/www.pcnen.com\/portal\/wp-json\/wp\/v2\/comments?post=32043"}],"version-history":[{"count":0,"href":"https:\/\/www.pcnen.com\/portal\/wp-json\/wp\/v2\/posts\/32043\/revisions"}],"wp:attachment":[{"href":"https:\/\/www.pcnen.com\/portal\/wp-json\/wp\/v2\/media?parent=32043"}],"wp:term":[{"taxonomy":"category","embeddable":true,"href":"https:\/\/www.pcnen.com\/portal\/wp-json\/wp\/v2\/categories?post=32043"},{"taxonomy":"post_tag","embeddable":true,"href":"https:\/\/www.pcnen.com\/portal\/wp-json\/wp\/v2\/tags?post=32043"}],"curies":[{"name":"wp","href":"https:\/\/api.w.org\/{rel}","templated":true}]}}