{"id":32041,"date":"2009-10-14T10:41:59","date_gmt":"2009-10-14T10:41:59","guid":{"rendered":"http:\/\/www.pcnen.com\/portal\/?p=32041"},"modified":"2009-10-14T10:41:59","modified_gmt":"2009-10-14T10:41:59","slug":"generalni-strajk-u-zagrebackom-vecernjaku","status":"publish","type":"post","link":"https:\/\/www.pcnen.com\/portal\/2009\/10\/14\/generalni-strajk-u-zagrebackom-vecernjaku\/","title":{"rendered":"Generalni \u0161trajk u zagreba\u010dkom &#8216;Ve\u010dernjaku&#8217;"},"content":{"rendered":"<p>Zagreba\u010dki <em>Ve\u010dernji list<\/em> je pred generalnim &scaron;trajkom zbog kojega, gotovo je sigurno, jedan od najpopularnijih hrvatskih dnevnih listova neko vrijeme ne\u0107e mo\u0107i izlaziti, javlja <em><a href=\"http:\/\/www.index.hr\/vijesti\/clanak\/generalni-strajk-zaustavlja-izlazenje-vecernjeg-lista\/455081.aspx\">index.hr<\/a><\/em><\/p>\n<p>&quot;&Scaron;trajk nam je zadnja opcija&quot;, ka\u017ee Anton Fili\u0107, predsjednik Vije\u0107a sindikalnih povjerenika, koji, zajedno sa svojim kolegama iz Radni\u010dkog vije\u0107a, Redakcijskog vije\u0107a i Hrvatskog novinarskog dru&scaron;tva ne \u017eeli prihvatiti odluku poslodavca da bez razloga ljude progla&scaron;avaju &quot;tehnolo&scaron;kim vi&scaron;kom&quot; i daju im otkaze. <\/p>\n","protected":false},"excerpt":{"rendered":"<p>Zagreba\u010dki Ve\u010dernji list je pred generalnim &scaron;trajkom zbog kojega, gotovo je sigurno, jedan od najpopularnijih hrvatskih dnevnih listova neko vrijeme ne\u0107e mo\u0107i izlaziti, javlja index.hr &quot;&Scaron;trajk nam je zadnja opcija&quot;, ka\u017ee Anton Fili\u0107, predsjednik Vije\u0107a sindikalnih povjerenika, koji, zajedno sa svojim kolegama iz Radni\u010dkog vije\u0107a, Redakcijskog vije\u0107a i Hrvatskog novinarskog dru&scaron;tva ne \u017eeli prihvatiti odluku [&hellip;]<\/p>\n","protected":false},"author":1,"featured_media":0,"comment_status":"open","ping_status":"closed","sticky":false,"template":"","format":"standard","meta":{"_seopress_robots_primary_cat":"","_seopress_titles_title":"","_seopress_titles_desc":"","_seopress_robots_index":"","_et_pb_use_builder":"","_et_pb_old_content":"","_et_gb_content_width":"","inline_featured_image":false,"footnotes":""},"categories":[14],"tags":[],"class_list":["post-32041","post","type-post","status-publish","format-standard","hentry","category-vijesti"],"_links":{"self":[{"href":"https:\/\/www.pcnen.com\/portal\/wp-json\/wp\/v2\/posts\/32041","targetHints":{"allow":["GET"]}}],"collection":[{"href":"https:\/\/www.pcnen.com\/portal\/wp-json\/wp\/v2\/posts"}],"about":[{"href":"https:\/\/www.pcnen.com\/portal\/wp-json\/wp\/v2\/types\/post"}],"author":[{"embeddable":true,"href":"https:\/\/www.pcnen.com\/portal\/wp-json\/wp\/v2\/users\/1"}],"replies":[{"embeddable":true,"href":"https:\/\/www.pcnen.com\/portal\/wp-json\/wp\/v2\/comments?post=32041"}],"version-history":[{"count":0,"href":"https:\/\/www.pcnen.com\/portal\/wp-json\/wp\/v2\/posts\/32041\/revisions"}],"wp:attachment":[{"href":"https:\/\/www.pcnen.com\/portal\/wp-json\/wp\/v2\/media?parent=32041"}],"wp:term":[{"taxonomy":"category","embeddable":true,"href":"https:\/\/www.pcnen.com\/portal\/wp-json\/wp\/v2\/categories?post=32041"},{"taxonomy":"post_tag","embeddable":true,"href":"https:\/\/www.pcnen.com\/portal\/wp-json\/wp\/v2\/tags?post=32041"}],"curies":[{"name":"wp","href":"https:\/\/api.w.org\/{rel}","templated":true}]}}