{"id":32040,"date":"2009-10-14T10:25:59","date_gmt":"2009-10-14T10:25:59","guid":{"rendered":"http:\/\/www.pcnen.com\/portal\/?p=32040"},"modified":"2009-10-14T10:25:59","modified_gmt":"2009-10-14T10:25:59","slug":"kosovske-izbjeglice-moraju-iz-njemacke","status":"publish","type":"post","link":"https:\/\/www.pcnen.com\/portal\/2009\/10\/14\/kosovske-izbjeglice-moraju-iz-njemacke\/","title":{"rendered":"Kosovske izbjeglice moraju iz Njema\u010dke"},"content":{"rendered":"<p>Hiljade izbjeglica s Kosova uskoro \u0107e morati napustiti Njema\u010dku, pi&scaron;e list <em>S&uuml;ddeutsche Zeitung<\/em>, prenosi <em>Doj\u010de vele.<\/em> <\/p>\n<p>List navodi da \u0107e dokument o regulaciji njihovog povratka u domovinu biti potpisan do kraja ove godine. <\/p>\n<p>Po navodima njema\u010dkog ministarstva policije, u toj zemlji trenutno \u017eivi vi&scaron;e od 14.000 kosovskih izbjeglica.<\/p>\n","protected":false},"excerpt":{"rendered":"<p>Hiljade izbjeglica s Kosova uskoro \u0107e morati napustiti Njema\u010dku, pi&scaron;e list S&uuml;ddeutsche Zeitung, prenosi Doj\u010de vele. List navodi da \u0107e dokument o regulaciji njihovog povratka u domovinu biti potpisan do kraja ove godine. Po navodima njema\u010dkog ministarstva policije, u toj zemlji trenutno \u017eivi vi&scaron;e od 14.000 kosovskih izbjeglica.<\/p>\n","protected":false},"author":1,"featured_media":0,"comment_status":"open","ping_status":"closed","sticky":false,"template":"","format":"standard","meta":{"_seopress_robots_primary_cat":"","_seopress_titles_title":"","_seopress_titles_desc":"","_seopress_robots_index":"","_et_pb_use_builder":"","_et_pb_old_content":"","_et_gb_content_width":"","inline_featured_image":false,"footnotes":""},"categories":[14],"tags":[],"class_list":["post-32040","post","type-post","status-publish","format-standard","hentry","category-vijesti"],"_links":{"self":[{"href":"https:\/\/www.pcnen.com\/portal\/wp-json\/wp\/v2\/posts\/32040","targetHints":{"allow":["GET"]}}],"collection":[{"href":"https:\/\/www.pcnen.com\/portal\/wp-json\/wp\/v2\/posts"}],"about":[{"href":"https:\/\/www.pcnen.com\/portal\/wp-json\/wp\/v2\/types\/post"}],"author":[{"embeddable":true,"href":"https:\/\/www.pcnen.com\/portal\/wp-json\/wp\/v2\/users\/1"}],"replies":[{"embeddable":true,"href":"https:\/\/www.pcnen.com\/portal\/wp-json\/wp\/v2\/comments?post=32040"}],"version-history":[{"count":0,"href":"https:\/\/www.pcnen.com\/portal\/wp-json\/wp\/v2\/posts\/32040\/revisions"}],"wp:attachment":[{"href":"https:\/\/www.pcnen.com\/portal\/wp-json\/wp\/v2\/media?parent=32040"}],"wp:term":[{"taxonomy":"category","embeddable":true,"href":"https:\/\/www.pcnen.com\/portal\/wp-json\/wp\/v2\/categories?post=32040"},{"taxonomy":"post_tag","embeddable":true,"href":"https:\/\/www.pcnen.com\/portal\/wp-json\/wp\/v2\/tags?post=32040"}],"curies":[{"name":"wp","href":"https:\/\/api.w.org\/{rel}","templated":true}]}}