{"id":32039,"date":"2009-10-14T09:42:15","date_gmt":"2009-10-14T09:42:15","guid":{"rendered":"http:\/\/www.pcnen.com\/portal\/?p=32039"},"modified":"2009-10-14T09:42:15","modified_gmt":"2009-10-14T09:42:15","slug":"odbacena-krivicna-prijava-protiv-gradonacelnika-podgorice","status":"publish","type":"post","link":"https:\/\/www.pcnen.com\/portal\/2009\/10\/14\/odbacena-krivicna-prijava-protiv-gradonacelnika-podgorice\/","title":{"rendered":"Odba\u010dena krivi\u010dna prijava protiv gradona\u010delnika Podgorice"},"content":{"rendered":"<p>Dr\u017eavno tu\u017eila&scaron;tvo je odbacilo krivi\u010dnu prijavu koju je <em>Dejli pres<\/em> podnio protiv Miomira Mugo&scaron;e, gradona\u010delnika Podgorice, zbog fizi\u010dkog napada na Mihaila Jovovi\u0107a, zamjenika glavnog urednika urednika <em>Vijesti<\/em> i Borisa Pejovi\u0107a, fotografa toga dnevnika, koji se desio 5. avgusta.<\/p>\n<p>Kako pi&scaron;e u dana&scaron;njem izdanju <em>Vijesti,<\/em> krivi\u010dna prijava izdava\u010da toga dnevnika je odba\u010dena s obrazlo\u017eenjem da se Mugo&scaron;a nije nasilni\u010dki pona&scaron;ao.<\/p>\n","protected":false},"excerpt":{"rendered":"<p>Dr\u017eavno tu\u017eila&scaron;tvo je odbacilo krivi\u010dnu prijavu koju je Dejli pres podnio protiv Miomira Mugo&scaron;e, gradona\u010delnika Podgorice, zbog fizi\u010dkog napada na Mihaila Jovovi\u0107a, zamjenika glavnog urednika urednika Vijesti i Borisa Pejovi\u0107a, fotografa toga dnevnika, koji se desio 5. avgusta. Kako pi&scaron;e u dana&scaron;njem izdanju Vijesti, krivi\u010dna prijava izdava\u010da toga dnevnika je odba\u010dena s obrazlo\u017eenjem da se [&hellip;]<\/p>\n","protected":false},"author":1,"featured_media":0,"comment_status":"open","ping_status":"closed","sticky":false,"template":"","format":"standard","meta":{"_seopress_robots_primary_cat":"","_seopress_titles_title":"","_seopress_titles_desc":"","_seopress_robots_index":"","_et_pb_use_builder":"","_et_pb_old_content":"","_et_gb_content_width":"","inline_featured_image":false,"footnotes":""},"categories":[14],"tags":[],"class_list":["post-32039","post","type-post","status-publish","format-standard","hentry","category-vijesti"],"_links":{"self":[{"href":"https:\/\/www.pcnen.com\/portal\/wp-json\/wp\/v2\/posts\/32039","targetHints":{"allow":["GET"]}}],"collection":[{"href":"https:\/\/www.pcnen.com\/portal\/wp-json\/wp\/v2\/posts"}],"about":[{"href":"https:\/\/www.pcnen.com\/portal\/wp-json\/wp\/v2\/types\/post"}],"author":[{"embeddable":true,"href":"https:\/\/www.pcnen.com\/portal\/wp-json\/wp\/v2\/users\/1"}],"replies":[{"embeddable":true,"href":"https:\/\/www.pcnen.com\/portal\/wp-json\/wp\/v2\/comments?post=32039"}],"version-history":[{"count":0,"href":"https:\/\/www.pcnen.com\/portal\/wp-json\/wp\/v2\/posts\/32039\/revisions"}],"wp:attachment":[{"href":"https:\/\/www.pcnen.com\/portal\/wp-json\/wp\/v2\/media?parent=32039"}],"wp:term":[{"taxonomy":"category","embeddable":true,"href":"https:\/\/www.pcnen.com\/portal\/wp-json\/wp\/v2\/categories?post=32039"},{"taxonomy":"post_tag","embeddable":true,"href":"https:\/\/www.pcnen.com\/portal\/wp-json\/wp\/v2\/tags?post=32039"}],"curies":[{"name":"wp","href":"https:\/\/api.w.org\/{rel}","templated":true}]}}