{"id":32034,"date":"2009-10-13T22:59:41","date_gmt":"2009-10-13T22:59:41","guid":{"rendered":"http:\/\/www.pcnen.com\/portal\/?p=32034"},"modified":"2009-10-13T22:59:41","modified_gmt":"2009-10-13T22:59:41","slug":"snp-odlucila-da-ne-ucestvuje-na-izborima-u-kotoru","status":"publish","type":"post","link":"https:\/\/www.pcnen.com\/portal\/2009\/10\/13\/snp-odlucila-da-ne-ucestvuje-na-izborima-u-kotoru\/","title":{"rendered":"SNP odlu\u010dila da ne u\u010destvuje na izborima u Kotoru"},"content":{"rendered":"<p>Glavni odbor Socijalisti\u010dke narodne partije odli\u010dio je ve\u010deras da ta stranka ne u\u010destvuje na izborima za predsjednika Op&scaron;tine Kotor zakazanim za 8. novembar. <\/p>\n<p>To zna\u010di da SNP ne\u0107e predlagati svog kandidata niti davati politi\u010dku podr&scaron;ku bilo kom drugom kandidatu za predsjednika Op&scaron;tine Kotor, prenijela je <em>TV Vijesti<\/em>.<\/p>\n","protected":false},"excerpt":{"rendered":"<p>Glavni odbor Socijalisti\u010dke narodne partije odli\u010dio je ve\u010deras da ta stranka ne u\u010destvuje na izborima za predsjednika Op&scaron;tine Kotor zakazanim za 8. novembar. To zna\u010di da SNP ne\u0107e predlagati svog kandidata niti davati politi\u010dku podr&scaron;ku bilo kom drugom kandidatu za predsjednika Op&scaron;tine Kotor, prenijela je TV Vijesti.<\/p>\n","protected":false},"author":1,"featured_media":0,"comment_status":"open","ping_status":"closed","sticky":false,"template":"","format":"standard","meta":{"_seopress_robots_primary_cat":"","_seopress_titles_title":"","_seopress_titles_desc":"","_seopress_robots_index":"","_et_pb_use_builder":"","_et_pb_old_content":"","_et_gb_content_width":"","inline_featured_image":false,"footnotes":""},"categories":[14],"tags":[],"class_list":["post-32034","post","type-post","status-publish","format-standard","hentry","category-vijesti"],"_links":{"self":[{"href":"https:\/\/www.pcnen.com\/portal\/wp-json\/wp\/v2\/posts\/32034","targetHints":{"allow":["GET"]}}],"collection":[{"href":"https:\/\/www.pcnen.com\/portal\/wp-json\/wp\/v2\/posts"}],"about":[{"href":"https:\/\/www.pcnen.com\/portal\/wp-json\/wp\/v2\/types\/post"}],"author":[{"embeddable":true,"href":"https:\/\/www.pcnen.com\/portal\/wp-json\/wp\/v2\/users\/1"}],"replies":[{"embeddable":true,"href":"https:\/\/www.pcnen.com\/portal\/wp-json\/wp\/v2\/comments?post=32034"}],"version-history":[{"count":0,"href":"https:\/\/www.pcnen.com\/portal\/wp-json\/wp\/v2\/posts\/32034\/revisions"}],"wp:attachment":[{"href":"https:\/\/www.pcnen.com\/portal\/wp-json\/wp\/v2\/media?parent=32034"}],"wp:term":[{"taxonomy":"category","embeddable":true,"href":"https:\/\/www.pcnen.com\/portal\/wp-json\/wp\/v2\/categories?post=32034"},{"taxonomy":"post_tag","embeddable":true,"href":"https:\/\/www.pcnen.com\/portal\/wp-json\/wp\/v2\/tags?post=32034"}],"curies":[{"name":"wp","href":"https:\/\/api.w.org\/{rel}","templated":true}]}}