{"id":32033,"date":"2009-10-13T22:37:16","date_gmt":"2009-10-13T22:37:16","guid":{"rendered":"http:\/\/www.pcnen.com\/portal\/?p=32033"},"modified":"2009-10-13T22:37:16","modified_gmt":"2009-10-13T22:37:16","slug":"udovicki-izvjestaj-nije-tacan","status":"publish","type":"post","link":"https:\/\/www.pcnen.com\/portal\/2009\/10\/13\/udovicki-izvjestaj-nije-tacan\/","title":{"rendered":"Udovi\u010dki: Izvje\u0161taj nije ta\u010dan"},"content":{"rendered":"<p>Direktorka Regionalne kancelarije Programa UN za razvoj za Evropu Kori Udovi\u010dki rekla je da ta organizacija \u017eali zbog objavljivanja izvje&scaron;taja UN o Crnoj Gori u kome se navodi da je Podgorica provincijski grad u kome je \u017eivot stranaca ote\u017ean.<\/p>\n<p>Udovi\u010dki je na konferenciji za novinare kazala da su Ujedinjene nacije veoma zadovoljne saradnjom sa vladom Crne Gore i da su njihovi slu\u017ebenici zadovoljni \u017eivotom u Crnoj Gori, prenosi <em>Beta<\/em>. <\/p>\n<p>Prema njenim rije\u010dima, izvje&scaron;taj ne\u0107e imati nikakvog uticaja na budu\u0107u saradnju UN i crnogorskih vlasti, a izvje&scaron;taj u kome je iznijeto niz kritika na ra\u010dun \u017eivota u Crnoj Gori ne zavrje\u0111uje \u010dak ni da se nazove incidentom. <\/p>\n<p>Kori Udovi\u010dki je kazala da je Crna Gora ocjenjena sa A za kvalitet \u017eivota u zemljama koje nisu \u010dlanice EU i dodala da Crna Gora va\u017ei za jednu od najlep&scaron;ih i najbezbjednijih zemalja. <\/p>\n<p>&quot;Da nije tako, zar mislite da bih svake godine ovdje ljetovala&quot;, kazala je Kori Udovi\u010dki. <\/p>\n<p>Ona je danas u Podgorici predstavila izve&scaron;taj UNDP-a na osnovu koga oko 11 odsto stanovni&scaron;tva Crne Gore ima \u017eivotni standard ispod &quot;donje linije siroma&scaron;tva&quot;, &scaron;to zna\u010di da tro&scaron;e manje od jednog dolara dnevno. <\/p>\n","protected":false},"excerpt":{"rendered":"<p>Direktorka Regionalne kancelarije Programa UN za razvoj za Evropu Kori Udovi\u010dki rekla je da ta organizacija \u017eali zbog objavljivanja izvje&scaron;taja UN o Crnoj Gori u kome se navodi da je Podgorica provincijski grad u kome je \u017eivot stranaca ote\u017ean. Udovi\u010dki je na konferenciji za novinare kazala da su Ujedinjene nacije veoma zadovoljne saradnjom sa vladom [&hellip;]<\/p>\n","protected":false},"author":1,"featured_media":0,"comment_status":"open","ping_status":"closed","sticky":false,"template":"","format":"standard","meta":{"_seopress_robots_primary_cat":"","_seopress_titles_title":"","_seopress_titles_desc":"","_seopress_robots_index":"","_et_pb_use_builder":"","_et_pb_old_content":"","_et_gb_content_width":"","inline_featured_image":false,"footnotes":""},"categories":[14],"tags":[],"class_list":["post-32033","post","type-post","status-publish","format-standard","hentry","category-vijesti"],"_links":{"self":[{"href":"https:\/\/www.pcnen.com\/portal\/wp-json\/wp\/v2\/posts\/32033","targetHints":{"allow":["GET"]}}],"collection":[{"href":"https:\/\/www.pcnen.com\/portal\/wp-json\/wp\/v2\/posts"}],"about":[{"href":"https:\/\/www.pcnen.com\/portal\/wp-json\/wp\/v2\/types\/post"}],"author":[{"embeddable":true,"href":"https:\/\/www.pcnen.com\/portal\/wp-json\/wp\/v2\/users\/1"}],"replies":[{"embeddable":true,"href":"https:\/\/www.pcnen.com\/portal\/wp-json\/wp\/v2\/comments?post=32033"}],"version-history":[{"count":0,"href":"https:\/\/www.pcnen.com\/portal\/wp-json\/wp\/v2\/posts\/32033\/revisions"}],"wp:attachment":[{"href":"https:\/\/www.pcnen.com\/portal\/wp-json\/wp\/v2\/media?parent=32033"}],"wp:term":[{"taxonomy":"category","embeddable":true,"href":"https:\/\/www.pcnen.com\/portal\/wp-json\/wp\/v2\/categories?post=32033"},{"taxonomy":"post_tag","embeddable":true,"href":"https:\/\/www.pcnen.com\/portal\/wp-json\/wp\/v2\/tags?post=32033"}],"curies":[{"name":"wp","href":"https:\/\/api.w.org\/{rel}","templated":true}]}}