{"id":32032,"date":"2009-10-13T20:44:53","date_gmt":"2009-10-13T20:44:53","guid":{"rendered":"http:\/\/www.pcnen.com\/portal\/?p=32032"},"modified":"2009-10-13T20:44:53","modified_gmt":"2009-10-13T20:44:53","slug":"osudeni-saradnici-centra-u-crnoj-reci","status":"publish","type":"post","link":"https:\/\/www.pcnen.com\/portal\/2009\/10\/13\/osudeni-saradnici-centra-u-crnoj-reci\/","title":{"rendered":"Osu\u0111eni saradnici centra u Crnoj reci"},"content":{"rendered":"<p>Saradnici Duhovno rehabilitacionog centra u Crnoj Reci, kod Tutina, Nemanja Radosavljevi\u0107 iz Lazarevca i Marijan Pavi\u0107evi\u0107 iz Beograda osu\u0111eni su danas zbog silovanja &scaron;ti\u0107enika i nasilni\u010dkog pona&scaron;anja, saop&scaron;tio je Okru\u017eni sud u Novom Pazaru.<\/p>\n<p>Radosavljevi\u0107 je za krivi\u010dna djela silovanja i nasilni\u010dkog pona&scaron;anja osu\u0111en na jedinstvenu zakonsku kaznu od dvije godine i pet mjeseci, a Pavi\u0107evi\u0107 je za silovanje osu\u0111en na godinu dana zatvora. <\/p>\n<p>Radosavljevi\u0107a i Pavi\u0107evi\u0107a je za silovanje i zlostavljanje policiji, u maju ove godine, prijavio biv&scaron;i &scaron;ti\u0107enik iz Lazarevca, ali tek po&scaron;to je otvorena afera Duhovno-rehabilitacionog centra u Crnoj Reci, prenosi agencija <em>Tanjug<\/em>. <\/p>\n<p>Slu\u010daj Crna Reka nastao je objavljivanjem u javnosti videozapisa na kojima se vidi batinjanje &scaron;ti\u0107enika centra. <\/p>\n<p>Biv&scaron;i rukovodilac Duhovno-rehabilitacionog centra Branislav Peranovi\u0107 \u0107e, zbog sumnje da se nasilni\u010dki pona&scaron;ao, odgovarati pred Op&scaron;tinskim sudom u Tutinu. On je poslije izbijanja afere Crna Reka smijenjen sa te funkcije. <\/p>\n","protected":false},"excerpt":{"rendered":"<p>Saradnici Duhovno rehabilitacionog centra u Crnoj Reci, kod Tutina, Nemanja Radosavljevi\u0107 iz Lazarevca i Marijan Pavi\u0107evi\u0107 iz Beograda osu\u0111eni su danas zbog silovanja &scaron;ti\u0107enika i nasilni\u010dkog pona&scaron;anja, saop&scaron;tio je Okru\u017eni sud u Novom Pazaru. Radosavljevi\u0107 je za krivi\u010dna djela silovanja i nasilni\u010dkog pona&scaron;anja osu\u0111en na jedinstvenu zakonsku kaznu od dvije godine i pet mjeseci, a [&hellip;]<\/p>\n","protected":false},"author":1,"featured_media":0,"comment_status":"open","ping_status":"closed","sticky":false,"template":"","format":"standard","meta":{"_seopress_robots_primary_cat":"","_seopress_titles_title":"","_seopress_titles_desc":"","_seopress_robots_index":"","_et_pb_use_builder":"","_et_pb_old_content":"","_et_gb_content_width":"","inline_featured_image":false,"footnotes":""},"categories":[14],"tags":[],"class_list":["post-32032","post","type-post","status-publish","format-standard","hentry","category-vijesti"],"_links":{"self":[{"href":"https:\/\/www.pcnen.com\/portal\/wp-json\/wp\/v2\/posts\/32032","targetHints":{"allow":["GET"]}}],"collection":[{"href":"https:\/\/www.pcnen.com\/portal\/wp-json\/wp\/v2\/posts"}],"about":[{"href":"https:\/\/www.pcnen.com\/portal\/wp-json\/wp\/v2\/types\/post"}],"author":[{"embeddable":true,"href":"https:\/\/www.pcnen.com\/portal\/wp-json\/wp\/v2\/users\/1"}],"replies":[{"embeddable":true,"href":"https:\/\/www.pcnen.com\/portal\/wp-json\/wp\/v2\/comments?post=32032"}],"version-history":[{"count":0,"href":"https:\/\/www.pcnen.com\/portal\/wp-json\/wp\/v2\/posts\/32032\/revisions"}],"wp:attachment":[{"href":"https:\/\/www.pcnen.com\/portal\/wp-json\/wp\/v2\/media?parent=32032"}],"wp:term":[{"taxonomy":"category","embeddable":true,"href":"https:\/\/www.pcnen.com\/portal\/wp-json\/wp\/v2\/categories?post=32032"},{"taxonomy":"post_tag","embeddable":true,"href":"https:\/\/www.pcnen.com\/portal\/wp-json\/wp\/v2\/tags?post=32032"}],"curies":[{"name":"wp","href":"https:\/\/api.w.org\/{rel}","templated":true}]}}