{"id":320034,"date":"2021-05-17T13:54:44","date_gmt":"2021-05-17T11:54:44","guid":{"rendered":"https:\/\/www.pcnen.com\/portal\/?p=320034"},"modified":"2021-05-17T15:10:40","modified_gmt":"2021-05-17T13:10:40","slug":"inicijativa-lustracija-i-deportacija","status":"publish","type":"post","link":"https:\/\/www.pcnen.com\/portal\/2021\/05\/17\/inicijativa-lustracija-i-deportacija\/","title":{"rendered":"Inicijativa, lustracija i deportacija"},"content":{"rendered":"<p><strong>Pi\u0161e: Omer \u0160ARKI\u0106<\/strong><\/p>\n<p>Smjenom prethodne vlasti poslije njene tridesetogodi\u0161nje vladavine mislio sam da se, najzad, otvorio put za suo\u010davanje sa pro\u0161lo\u0161\u0107u i procesuiranje ratnih zlo\u010dina koji su po\u010dinjeni u Crnoj Gori. Jedan od javno proklamovanih prioriteta nove vlasti bilo je sprovo\u0111enje lustracije.<\/p>\n<p>Ohrabren time, 19. aprila sam uputio Inicijativu predsjedniku Skup\u0161tine Aleksi Be\u010di\u0107u da se 27. maj proglasi Danom sje\u0107anja na najve\u0107i ratni zlo\u010din u novijoj istoriji Crne Gore, deportaciju BiH izbjeglica.<\/p>\n<p>Smatrao sam i smatram da je ova Inicijativa svestrano korisna. Njome bi se pokazala odgovornost i druga\u010dija praksa nove vlasti u odnosu na staru, pokazao bi se pijetet \u00a0prema \u017ertvama i porodicama deportovanih i stradalih; prihvatanjem Inicijative bi se napravio dodatni podstrek dono\u0161enju zakona o lustraciji, zarobljeno sudstvo i tu\u017eila\u0161tvo bi, na neki na\u010din, bilo jo\u0161 jednom istaknuto na stub srama zbog neprocesuiranja zlo\u010dina iz devedesetih; bar donekle bi se umanjila sumnja u dobre namjere nove vlasti i strah manjinskih naroda od nje; me\u0111unarodnim partnerima bi pokazali da smo spremni na ispunjavanje i te obaveza koja se tra\u017ei od nas; smijenjena vlast, odgovorna za ratne zlo\u010dine iz devedesetih, bi se na\u0161la u veoma neprijatnoj situaciji.<\/p>\n<p>Na moje iznena\u0111enje, Inicitijava je odbijena i to na na\u010din na koji je to upravo radila prethodna vlast kada joj ne\u0161to nije po volji &#8211;\u00a0 \u0161utnjom.<\/p>\n<p>&nbsp;<\/p>\n<p><img loading=\"lazy\" decoding=\"async\" class=\"aligncenter size-large wp-image-320043\" src=\"https:\/\/www.pcnen.com\/portal\/wp-content\/uploads\/2021\/05\/inicijativa-580x456.jpg\" alt=\"\" width=\"580\" height=\"456\" srcset=\"https:\/\/www.pcnen.com\/portal\/wp-content\/uploads\/2021\/05\/inicijativa-580x456.jpg 580w, https:\/\/www.pcnen.com\/portal\/wp-content\/uploads\/2021\/05\/inicijativa-300x236.jpg 300w, https:\/\/www.pcnen.com\/portal\/wp-content\/uploads\/2021\/05\/inicijativa.jpg 650w\" sizes=\"(max-width: 580px) 100vw, 580px\" \/><\/p>\n<p>Da podsjetim javnost, u kratkim crtama, o kakvom ratnom zlo\u010dinu se radi:<\/p>\n<p>U maju 1992. godine, crnogorska vlast je uhapsila neutvr\u0111en broj gra\u0111ana BiH izbjeglih od rata i isporu\u010dila ih policiji tada tzv. Republike Srpske (takozvane jer tada RS nije bila priznata). Crnogorski MUP je \u0161irom Crne Gore, a najvi\u0161e na primorju, lovio izbjeglice kako bi ih izru\u010dio jednoj od zara\u0107enih strana u ratu koji je po\u010deo u BiH. Uhap\u0161eno je najmanje 80 izbjeglih Bo\u0161njaka, koji su predati policiji Republike Srpske koja je tada imala status paravojske. Deportavani Bo\u0161njaci su odvedeni u logore ili odmah likvidirani. Po nekim podacima, taj broj se penje do 150 uhap\u0161enih i deportovanih. Skoro svi su na kraju ubijeni. Tom akcijom je uhap\u0161en i neutvr\u0111eni broj izbjeglih Srba, koji su tako\u0111e deportovani a zatim regrutovani za u\u010de\u0161\u0107e u ratnim operacijama. Vjerovatno je da su i neki od njih stradali u ratnim dejstvima u koje su bili uklju\u010deni protiv svoje volje.<\/p>\n<p>To je najve\u0107i ratni zlo\u010din u novijoj istoriji Crne Gore, za koji je, pla\u0107anjem od\u0161tete u iznosu od 4. 130. 000 eura Crna Gora priznala odgovornost. Do dan danas za njega niko nije odgovarao. Predsjednik Vlade Crne Gore u vremenu deportacije BiH izbjeglica je bio \u00a0Milo \u0110ukanovi\u0107, te stoga on snosi makar indirektnu ako ne direktnu odgovornost za njega, jer je kao predsjednik Vlade odgovoran za rad resornih ministarstava.<\/p>\n<p>Va\u017eno je napomenuti i da je u momentu deportacije me\u0111unarodno bila priznata jedino Vlada u Sarajevu, te su izbjeglice mogle biti izru\u010dene jedino na njen zahtjev. Zatim, da po me\u0111unarodnom pravu izbjeglice ne mogu biti izru\u010dene dr\u017eavi iz koje su, ako postoji realna opasnost da \u0107e one po izru\u010denju biti ubijene. Svjedoci tog vremena \u2013 i ja me\u0111u njima &#8211; znali su da \u0107e izbjegle i deportovane sna\u0107i sudbina uprava onakva kakva ih je sna\u0161la.To je jo\u0161 bolje znala dr\u017eava Crna Gora, \u0161to njenu odgovornost \u00a0za ovaj ratni zlo\u010din \u010dini jo\u0161 ve\u0107om.<\/p>\n<p>Zbog svega navednog, razlozi odbijanja ove Inicijative kroz formu \u201e\u0107utanje administracije\u201c, \u00a0potpuno su mi nejasni. Ostaje mi da spekuli\u0161em o njima, a spekulacije uvijek mogu biti pogre\u0161ne \u2013 i \u00a0opasne. Jedino logi\u010dno obja\u0161njenje mi je da je nova vlast do\u0161la na pozicije prethodne iz devedesetih, stvaraju\u0107i sli\u010dnu javnu atmosferu kao \u0161to je bila onomad \u2013 prije svega kod svojih glasa\u010da, a tada je to bio patriotski \u010din a ne te\u017eak ratni zlo\u010din, pa stoga Inicijativu smatra neprihvatljivom.<\/p>\n<p>Bez ikakvih naga\u0111anja sam apsolutno siguran u to da bi, u obrnutom slu\u010daju, tj. da je ova Inicijativa upu\u0107ena prema sada\u0161njoj opoziciji a da je aktuelna vlast odgovorna za navedeni ratni zlo\u010din, ona bila objeru\u010dke prihva\u0107ena.<\/p>\n<p>Protiv fa\u0161izma se ne bori praznim rje\u010dima i floskulama, ve\u0107 konkretnim djelima. Hap\u0161enje i deportacija BiH izbjeglica je bio najte\u017ei ratni zlo\u010din u seriji zlo\u010dina tada fa\u0161izovane Crne Gore. O\u010dekujem i tra\u017eim od javnosti da izvr\u0161i odlu\u010duju\u0107i pritisak na novu vlast, da shodno datim obe\u0107anjima konkretno poradi na dono\u0161enju zakona o lustraciji i da se procesuiraju ratni zlo\u010dini iz devedestih, a prije svih deportacija BiH izbjeglica. To nam je civilizacijska obaveza, ali obaveza prema stradalim i njihovim porodicama, prije svega. Ve\u0107ine i manjine u Crnoj Gori su, kao \u0161to vidimo, promjenjiva kategorija. Procesuiranjem odgovornih za ratne zlo\u010dine \u0161titimo sebe, \u0161alju\u0107i poruku da se on ne smije ponoviti jer \u0107e vinovci biti ka\u017enjeni. Zata\u0161kavanjem zlo\u010dina dajemo motiv da se oni ponove.<\/p>\n","protected":false},"excerpt":{"rendered":"<p>19. aprila sam uputio Inicijativu predsjedniku Skup\u0161tine Aleksi Be\u010di\u0107u da se 27. maj proglasi Danom sje\u0107anja na najve\u0107i ratni zlo\u010din u novijoj istoriji Crne Gore, deportaciju BiH izbjeglica. Nai\u0161ao sam na &#8216;\u0107utanje administracije&#8217;<\/p>\n","protected":false},"author":12,"featured_media":320037,"comment_status":"open","ping_status":"closed","sticky":false,"template":"","format":"standard","meta":{"_seopress_robots_primary_cat":"","_seopress_titles_title":"","_seopress_titles_desc":"","_seopress_robots_index":"","_et_pb_use_builder":"","_et_pb_old_content":"","_et_gb_content_width":"","inline_featured_image":false,"footnotes":""},"categories":[17,12],"tags":[],"class_list":["post-320034","post","type-post","status-publish","format-standard","has-post-thumbnail","hentry","category-blogovi","category-prica-dana"],"_links":{"self":[{"href":"https:\/\/www.pcnen.com\/portal\/wp-json\/wp\/v2\/posts\/320034","targetHints":{"allow":["GET"]}}],"collection":[{"href":"https:\/\/www.pcnen.com\/portal\/wp-json\/wp\/v2\/posts"}],"about":[{"href":"https:\/\/www.pcnen.com\/portal\/wp-json\/wp\/v2\/types\/post"}],"author":[{"embeddable":true,"href":"https:\/\/www.pcnen.com\/portal\/wp-json\/wp\/v2\/users\/12"}],"replies":[{"embeddable":true,"href":"https:\/\/www.pcnen.com\/portal\/wp-json\/wp\/v2\/comments?post=320034"}],"version-history":[{"count":4,"href":"https:\/\/www.pcnen.com\/portal\/wp-json\/wp\/v2\/posts\/320034\/revisions"}],"predecessor-version":[{"id":320044,"href":"https:\/\/www.pcnen.com\/portal\/wp-json\/wp\/v2\/posts\/320034\/revisions\/320044"}],"wp:featuredmedia":[{"embeddable":true,"href":"https:\/\/www.pcnen.com\/portal\/wp-json\/wp\/v2\/media\/320037"}],"wp:attachment":[{"href":"https:\/\/www.pcnen.com\/portal\/wp-json\/wp\/v2\/media?parent=320034"}],"wp:term":[{"taxonomy":"category","embeddable":true,"href":"https:\/\/www.pcnen.com\/portal\/wp-json\/wp\/v2\/categories?post=320034"},{"taxonomy":"post_tag","embeddable":true,"href":"https:\/\/www.pcnen.com\/portal\/wp-json\/wp\/v2\/tags?post=320034"}],"curies":[{"name":"wp","href":"https:\/\/api.w.org\/{rel}","templated":true}]}}