{"id":319642,"date":"2021-05-10T19:50:46","date_gmt":"2021-05-10T17:50:46","guid":{"rendered":"https:\/\/www.pcnen.com\/portal\/?p=319642"},"modified":"2021-05-10T19:50:46","modified_gmt":"2021-05-10T17:50:46","slug":"vladavina-prava","status":"publish","type":"post","link":"https:\/\/www.pcnen.com\/portal\/2021\/05\/10\/vladavina-prava\/","title":{"rendered":"Vladavina prava"},"content":{"rendered":"<p>Ju\u010de, u nedjelju, krenuo sam na more, iako nijesam imao propusnicu za me\u0111ugradaski saobra\u0107aj, \u010dija zabrana va\u017ei vikendom. Na to sam se odlu\u010dio iz protesta, a ne zato \u00a0\u0161to sam imao potrebu i \u017eelju za odlazak na more. Takvo kr\u0161enje mjera sam najavio preko fejsbuka, pozivaju\u0107i potpredsjednika Vlade Abazovi\u0107a i ministra unutra\u0161njih poslova Sekulovi\u0107a da me uhapse. Kod mosta na rijeci Cijevni zaustavila me je policija tra\u017ee\u0107i mi propusnicu. Policajcu sam odgovorio da je nemam. Na pitanje, gdje sam se zaputio, rekao sam da idem na more koje je moja metafizi\u010dka i duhovna potreba (isto onako kako je premijer pravdao kr\u0161enje mjera od strane Crkve i vjernika), te da je jedini na\u010din da me u tome sprije\u010de hap\u0161enje ili prijava tu\u017eiocu. Policajac, valjda iznena\u0111en mojim odgovorom i na\u010dinom kako sam mu to saop\u0161tio \u2013 potpuno smireno i nepokolebljivo rekao mi je da me ne\u0107e hapsiti niti pisati prijavu i po\u017eelio mi sretan put.<\/p>\n<p>Mislio sam da \u0107u do Petrovca &#8211; gdje sam se uputio- biti zaustavljen jo\u0161 koji put i priveden. Na\u017ealost, to se nije desilo.<\/p>\n<p>Za\u0161to na\u017ealost?<\/p>\n<p>\u017delio sam da budem priveden i procesuiran zbog kr\u0161enja od Vlade donijetih mjera za suzbijenje zaraznih bolesti, da bih vidio po kom osnovu me dr\u017eava mo\u017ee kazniti ako je zakon jednak za sve, a ako pri tome moje kr\u0161enje mjera izaziva mnogo manju op\u0161tu opasnost po dru\u0161tvo od onog koje je bilo masovno i grubo, a koje je premijer opravdao, stavljaju\u0107i kr\u0161ioce iznad zakona.<\/p>\n<p>\u2026<\/p>\n<p>Pi\u0161u\u0107i predhodni tekst \u201eIznad zakona\u201c znao sam da \u0107u biti izlo\u017een lin\u010du u atmosferi pravoslavnog fundamentalizma, nacionalizma i ludila koje je zavladalo Crnom Gorom od pobjede na izborima biv\u0161e opozicije a sada\u0161nje vlasti. Nijesam znao da \u0107e mi samo dva dana nakon teksta, vladika kojeg jo\u0161 zovemo premijerom stati u odbranu izjavama na Konferenciji za \u0161tampu, gdje nam je saop\u0161tio da za Crkvu, sve\u0161tenstvo i vjernike zakoni ne va\u017ee, da ih oni mogu kr\u0161iti jer su iznad zakona \u2013 upravo kako sam tvrdio u pomenutom tekstu. Metafizikom, duhom i onozemaljskim \u017eivotom premijer je pravdao kr\u0161enje zakona. Njegov li\u010dni osje\u0107aj, vjerovanje i dogmu kao pripadniku i vjerniku najzastupljenije i najuticajnije vjerske zajednice u Crnoj Gori, Krivokapi\u0107 kao mjeru agresivno name\u0107e svim gra\u0111anima Crne Gore, u kojoj egzistiraju jo\u0161 dvije religije, ateisti i agnostici, \u010dime diskfalivikuje sebe kao premijera svih gra\u0111ana. Mo\u017eda se zbog\u00a0 toga isklju\u010divo obra\u0107a sa \u201cpo\u0161tovani narode\u201d, pri \u010demu je po\u0161tovan izgleda samo onaj narod koji pripada njegovom religijskom krugu i ubje\u0111enju.<\/p>\n<p>U normalnoj dr\u017eavi \u2013 \u0161to mi nikad nijesmo bili, poslije ovakvih premijerovih izjava Vlada bi automatski pala, a u pravnoj, dr\u017eavni tu\u017eilac bi pokrenuo postupak protiv njega zbog kr\u0161enja Ustava i diskriminacije, tj. stavljanja iznad zakona jednog dijela gra\u0111ana.<\/p>\n<p>Premijer je, uz to, izjavio da njegova Vlada ne\u0107e hapsiti sve\u0161tenike, dodjeljuju\u0107i im imunitet kakav nemaju ni poslanici u parlamentu. Ostaje nam da vjerujemo kako su sve\u0161tenici poslanici izabrani od samog Boga, pa stoga i bezgre\u0161ni. Ta izjava, vidim, nije zavrijedila pa\u017enju javnosti.<\/p>\n<p>Kada je biv\u0161i direktor policije Veljovi\u0107, na insistiranje voditelja emisije \u201cNa\u010disto\u201d, svojevremenio izjavio da ne bi uhapsio tada\u0161njeg premijera \u0110ukanovi\u0107a i kada bi se ogrije\u0161io o zakon jer nam je donio dr\u017eavu, sva javnost se uzbrurkala, danima je to bila glavna vijest, a Veljovi\u0107 \u2013 sa pravom, bio izlo\u017een op\u0161toj kritici, ruglu \u010dak.<\/p>\n<p>Krivokapi\u0107eva izjava sa mjesta premijera iste te\u017eine \u2013 ako ne i ve\u0107e &#8211; do\u017eivljena je kao vrhunski patriotizam, valjda, jer su nam sve\u0161tenici i Crkva donijeli novu vlast, stoga za njih zakoni ne va\u017ee.<\/p>\n<p>Kada pi\u0161em tekstove i iznosim stavove, dobrom dijelu \u010ditalaca je va\u017enije moje ime nego sami stav i ponu\u0111ena argumentacija. Ime me uvijek diskvalifikuje za pravo na done\u0161enje bilo kakvog kriti\u010dkog suda. Od uspostavljanja nove vlasti ono je postalo jeres. Svaki kriti\u010dki stav prema novoj vlasti, uticaju Crkve pogotovo, kvalifikuje se kao neprijateljstvo prema srpstvu i pravoslavlju od strane muslimana.<\/p>\n<p>Takvim du\u0161ebri\u017enicima, koji \u0107e i po objavljivanju ovog teksta osuti drvlje i kamenje po meni \u2013 zbog imena &#8211; unaprijed da odgovorim. Dr\u017eim se principa i moji stavovi nemaju nikakve veze sa tim o kojoj vjeri se radi. Tako sam, kada je reis Fejzi\u0107 objavio da je na ogradi Osmanagi\u0107a d\u017eamije osvanuo iscrtan krst, zbog \u010dega je izbila prava nacionalisti\u010dka pomama, napisao poruku ministru policije, tra\u017ee\u0107i od njega da odmah po\u0161alje forenzi\u010dare koji bi sa lako\u0107om i u kratkom roku mogli ispitati da li je krst doista \u201eosvanuo\u201c tog jutra, kako je resi Fejzi\u0107 tvrdio, ili je tu desetak godina kako su tvrdili drugi pojedinci. U poruci sam insistirao da, ako se ispostavi da je Fejzi\u0107 iznio neistinu, istog momenta bude procesuiran zbog izazivanje panike i nereda, jer zakon mora biti jednak za sve. Smatrao sam i smatram da se pravna dr\u017eava gradi jedino tako, a da je odgovornost javnih li\u010dnosti i vjerskih velikodostojnika mnogo ve\u0107a od odgovornosti nas, obi\u010dnih gra\u0111ana, upravo zbog ugleda kojeg zaslu\u017eeno ili nezaslu\u017eeno oni zauzimaju u dru\u0161tvu.<\/p>\n<p>Ve\u0107ina onih koji su mi bili saborci u borbi za pravnu dr\u017eavu i protiv diskriminacije bilo koga i bilo koje vrste, ne samo da \u0161utke posmatraju sada\u0161nju, ve\u0107 je naj\u010de\u0161\u0107e brane daju\u0107i joj podr\u0161ku. \u010cesto se pitam da li su to oni isti ljudi koje sam poznavao, cijenio, borio se sa njima.<\/p>\n<p>Od politi\u010dkih partija, \u010dak i onih gra\u0111anskih ili \u201egra\u0111anskih\u201c, nikad nijesam mnogo o\u010dekivao, jer im je partijski interes i rejting uvijek na prvom mjestu, ispred op\u0161tih interesa i branjenja bilo kakvih, pa i osnovnih principa. Ali od gra\u0111ana jesam, \u0161to je o\u010digledno bila jo\u0161 jedna moja zabluda.<\/p>\n<p>Izjavama na poslednjoj konferenciji za \u0161tampu Krivokapi\u0107 je zabio glogov kolac makar nadi da \u0107e se nova vlast boriti za pravu dr\u017eavu. Jer u dr\u017eavi koja te\u017ei vladavini prava zakon je jednak za sve, niko nije iznad i izuzet od njega, kako u duhovnom tako u sekularnom svijetu.<\/p>\n","protected":false},"excerpt":{"rendered":"<p>Pi\u0161e: Omer \u0160ARKI\u0106<\/p>\n","protected":false},"author":12,"featured_media":286086,"comment_status":"open","ping_status":"closed","sticky":false,"template":"","format":"standard","meta":{"_seopress_robots_primary_cat":"","_seopress_titles_title":"","_seopress_titles_desc":"","_seopress_robots_index":"","_et_pb_use_builder":"","_et_pb_old_content":"","_et_gb_content_width":"","inline_featured_image":false,"footnotes":""},"categories":[17],"tags":[],"class_list":["post-319642","post","type-post","status-publish","format-standard","has-post-thumbnail","hentry","category-blogovi"],"_links":{"self":[{"href":"https:\/\/www.pcnen.com\/portal\/wp-json\/wp\/v2\/posts\/319642","targetHints":{"allow":["GET"]}}],"collection":[{"href":"https:\/\/www.pcnen.com\/portal\/wp-json\/wp\/v2\/posts"}],"about":[{"href":"https:\/\/www.pcnen.com\/portal\/wp-json\/wp\/v2\/types\/post"}],"author":[{"embeddable":true,"href":"https:\/\/www.pcnen.com\/portal\/wp-json\/wp\/v2\/users\/12"}],"replies":[{"embeddable":true,"href":"https:\/\/www.pcnen.com\/portal\/wp-json\/wp\/v2\/comments?post=319642"}],"version-history":[{"count":3,"href":"https:\/\/www.pcnen.com\/portal\/wp-json\/wp\/v2\/posts\/319642\/revisions"}],"predecessor-version":[{"id":319647,"href":"https:\/\/www.pcnen.com\/portal\/wp-json\/wp\/v2\/posts\/319642\/revisions\/319647"}],"wp:featuredmedia":[{"embeddable":true,"href":"https:\/\/www.pcnen.com\/portal\/wp-json\/wp\/v2\/media\/286086"}],"wp:attachment":[{"href":"https:\/\/www.pcnen.com\/portal\/wp-json\/wp\/v2\/media?parent=319642"}],"wp:term":[{"taxonomy":"category","embeddable":true,"href":"https:\/\/www.pcnen.com\/portal\/wp-json\/wp\/v2\/categories?post=319642"},{"taxonomy":"post_tag","embeddable":true,"href":"https:\/\/www.pcnen.com\/portal\/wp-json\/wp\/v2\/tags?post=319642"}],"curies":[{"name":"wp","href":"https:\/\/api.w.org\/{rel}","templated":true}]}}