{"id":319285,"date":"2021-05-04T14:02:19","date_gmt":"2021-05-04T12:02:19","guid":{"rendered":"https:\/\/www.pcnen.com\/portal\/?p=319285"},"modified":"2021-05-04T14:02:19","modified_gmt":"2021-05-04T12:02:19","slug":"abazovic-ugovor-sa-spc-potpisati-nakon-izbora-mitropolita","status":"publish","type":"post","link":"https:\/\/www.pcnen.com\/portal\/2021\/05\/04\/abazovic-ugovor-sa-spc-potpisati-nakon-izbora-mitropolita\/","title":{"rendered":"Abazovi\u0107: Ugovor sa SPC potpisati nakon izbora mitropolita"},"content":{"rendered":"<p>&#8220;Najva\u017enije je da se to pitanje rije\u0161i na najbolji mogu\u0107i na\u010din i u skladu sa Ustavom Crne Gore&#8221;, rekao je Abazovi\u0107 za &#8220;Danas&#8221;.<\/p>\n<p>\u0160to se ti\u010de ugovora, namjera Vlade je bila &#8211; i prilikom dono\u0161enja aktuelnog Zakona o slobodi vjeroispovijesti, da sve vjerske zajednice &#8211; uklju\u010duju\u0107i i SPC, budu dio jedinstvenog pravnog poretka Crne Gore.<\/p>\n<p>&#8220;Potpisivanje ugovora je korak u tom pravcu, a vjerujem da \u0107e Vlada &#8211; koja ugovor potpisuje u ime svih gra\u0111ana, shvatiti potrebu da takav Ugovor postane javan i prije \u010dina potpisivanja&#8221;, ka\u017ee Abazovi\u0107.<\/p>\n<p>Najva\u017enije je, isti\u010de, da se to pitanje rije\u0161i na najbolji mogu\u0107i na\u010din i u skladu sa Ustavom Crne Gore.<\/p>\n<p>Kada je rije\u010d o regionalnim odnosima, Abazovi\u0107 isti\u010de da je za Crnu Goru od izuzetne va\u017enosti da vodi dobrosusedsku politiku sa svima, a naro\u010dito sa Srbijom.<\/p>\n<p>&#8220;Radujem se skorijoj posjeti svim zemljama regiona, a \u017eao mi je \u0161to pandemija korona virusa i restrikcije putovanja usporavaju te bilateralne susrete. Vjerujem da \u0107emo, ve\u0107 do kraja godine, obi\u0107i sve zemlje regiona i va\u017ene partnerske zemlje u svijetu. Kao mala zemlja, Crna Gora mo\u017ee i treba biti iskreni prijatelj sa svima&#8221;, rekao je Abazovi\u0107.<\/p>\n<p>Na pitanje kako se ipak dogodilo da prije Srbije posjeti Kosovo, potpredsjednik crnogorske vlade odgovara da je na Kosovu boravio prilikom odlaska u slu\u017ebenu posjetu Republici S.Makedoniji.<\/p>\n<p>&#8220;O\u010dekujem uskoro posjetu svim zemljama regiona i pozivam sve gra\u0111ane tih zemalja da posjete Crnu Goru tokom letnje turisti\u010dke sezone&#8221;, ka\u017ee Abazovi\u0107, ne preciziraju\u0107i da li je iz Srbije stigao bilo kakav poziv.<\/p>\n<p>Kada je rije\u010d o slu\u010daju nekada\u0161njeg visokog funkcionera Crne Groe i predsjednika Zajednice Srbije i Crne Gore Svetozara Marovi\u0107a, Abazovi\u0107 ka\u017ee da je Vlada obnovila zahtjev za njegovo izru\u010denje i da se nada da \u0107e sa dr\u017eavom Srbijom biti prona\u0111en zajedni\u010dki jezik, a Marovi\u0107 priveden pravdi.<\/p>\n","protected":false},"excerpt":{"rendered":"<p>Potpredsjednik Vlade Crne Gore Dritan Abazovi\u0107 ocijenio je da bi najbolje bilo da se Temeljni ugovor sa Srpskom pravoslavnom crkvu (SPC) potpi\u0161e nakon izbora mitropolita crnogorsko-primorskog, jer je to bila \u017eelja i preminulog mitropolita Amfilohija<\/p>\n","protected":false},"author":1,"featured_media":318095,"comment_status":"open","ping_status":"closed","sticky":false,"template":"","format":"standard","meta":{"_seopress_robots_primary_cat":"","_seopress_titles_title":"","_seopress_titles_desc":"","_seopress_robots_index":"","_et_pb_use_builder":"","_et_pb_old_content":"","_et_gb_content_width":"","inline_featured_image":false,"footnotes":""},"categories":[14],"tags":[],"class_list":["post-319285","post","type-post","status-publish","format-standard","has-post-thumbnail","hentry","category-vijesti"],"_links":{"self":[{"href":"https:\/\/www.pcnen.com\/portal\/wp-json\/wp\/v2\/posts\/319285","targetHints":{"allow":["GET"]}}],"collection":[{"href":"https:\/\/www.pcnen.com\/portal\/wp-json\/wp\/v2\/posts"}],"about":[{"href":"https:\/\/www.pcnen.com\/portal\/wp-json\/wp\/v2\/types\/post"}],"author":[{"embeddable":true,"href":"https:\/\/www.pcnen.com\/portal\/wp-json\/wp\/v2\/users\/1"}],"replies":[{"embeddable":true,"href":"https:\/\/www.pcnen.com\/portal\/wp-json\/wp\/v2\/comments?post=319285"}],"version-history":[{"count":1,"href":"https:\/\/www.pcnen.com\/portal\/wp-json\/wp\/v2\/posts\/319285\/revisions"}],"predecessor-version":[{"id":319286,"href":"https:\/\/www.pcnen.com\/portal\/wp-json\/wp\/v2\/posts\/319285\/revisions\/319286"}],"wp:featuredmedia":[{"embeddable":true,"href":"https:\/\/www.pcnen.com\/portal\/wp-json\/wp\/v2\/media\/318095"}],"wp:attachment":[{"href":"https:\/\/www.pcnen.com\/portal\/wp-json\/wp\/v2\/media?parent=319285"}],"wp:term":[{"taxonomy":"category","embeddable":true,"href":"https:\/\/www.pcnen.com\/portal\/wp-json\/wp\/v2\/categories?post=319285"},{"taxonomy":"post_tag","embeddable":true,"href":"https:\/\/www.pcnen.com\/portal\/wp-json\/wp\/v2\/tags?post=319285"}],"curies":[{"name":"wp","href":"https:\/\/api.w.org\/{rel}","templated":true}]}}