{"id":318981,"date":"2021-04-28T12:03:39","date_gmt":"2021-04-28T10:03:39","guid":{"rendered":"https:\/\/www.pcnen.com\/portal\/?p=318981"},"modified":"2021-04-28T12:03:39","modified_gmt":"2021-04-28T10:03:39","slug":"premijerski-sat-i-poslanicka-pitanja-uzivo","status":"publish","type":"post","link":"https:\/\/www.pcnen.com\/portal\/2021\/04\/28\/premijerski-sat-i-poslanicka-pitanja-uzivo\/","title":{"rendered":"Premijerski sat i poslani\u010dka pitanja (u\u017eivo)"},"content":{"rendered":"<p><iframe loading=\"lazy\" title=\"Tre\u0107a - posebna sjednica Prvog redovnog (prolje\u0107njeg) zasijedanja u 2021. godini, 28.04.2021.\" width=\"1080\" height=\"608\" src=\"https:\/\/www.youtube.com\/embed\/E7IeGyyU7J0?feature=oembed\" frameborder=\"0\" allow=\"accelerometer; autoplay; clipboard-write; encrypted-media; gyroscope; picture-in-picture; web-share\" allowfullscreen><\/iframe><\/p>\n<p>&nbsp;<\/p>\n<p>U ime poslani\u010dkog kluba Demokratske partije socijalista i Liberalne partije, pitanje Krivokapi\u0107u poslanik Dragutin Papovi\u0107 pita\u0107e premijera da li \u0107e po\u0161tovati \u010dlan 110 Ustava i prihvatiti \u010dinjenicu da je Vladi na \u010dijem je \u010delu prestao mandat.<\/p>\n<p>U ime poslani\u010dkog kluba Nove srpske demokratije, Demokratske narodne partije, Ujedinjene Crne Gore i Radni\u010dke partije, pitanje Krivokapi\u0107u postavi\u0107e poslanik i potpredsjednik Skup\u0161tine Strahinja Bulaji\u0107.<\/p>\n<p>On \u0107e pitati premijera da li zbog ekspertskog stava ministra pravde Vladimira Leposavi\u0107a, povodom poznatih de\u0161avanja na prostoru Srebrenice od prije 26 godina, parlamentarna ve\u0107ina 27. saziva Skup\u0161tine mo\u017ee ra\u010dunati na zajedni\u010dki rad u 42. Vladi, prenosi Mina.<\/p>\n<p>\u0160ef poslani\u010dkog kluba Demokrata Boris Bogdanovi\u0107 pita\u0107e Krivokapi\u0107a da li \u0107e i kada Crna Gora zaklju\u010diti sporazum sa koncesionarom Univerzal monte, kako bi dr\u017eava od tog koncesionara preuzela upravljanje nad magistralnim putem Herceg Novi \u2013 Trebinje.<\/p>\n<p>U ime Socijalisti\u010dke narodne partije, poslanica Danijela \u0110urovi\u0107 pita\u0107e premijera \u0161ta je Vlada uradila po pitanju Prevlake i kako vidi kona\u010dno rje\u0161enje razgrani\u010denja sa Hrvatskom.<\/p>\n<p>\u0160ef Poslani\u010dkog kluba Pokreta za promjene, Branko Radulovi\u0107, pita\u0107e Krivokapi\u0107a da li \u0107e Vlada na \u010dijem je \u010delu podr\u017eati inicijativu te stranke da energetski sektor Crne Gore bude sa nultom emisijom C02 do 2030. godine.<\/p>\n<p>Poslanica \u201eCrno na bijelo\u201d Bo\u017eena Jelu\u0161i\u0107 pita\u0107e Krivokapi\u0107a da li je Vlada inicirala izmjene uredbi i drugih akata u skladu sa nadle\u017enostima, kojima se ure\u0111uju nadoknade i ostale privilegije funkcionera i koje zna\u010dajno optere\u0107uju javne finansije, a \u010dijim bi se ograni\u010davanjem ili ukidanjem omogu\u0107ila pravednija raspodjela tereta krize na sve gra\u0111ane.<\/p>\n<p>Predsjednik Socijaldemokrata Ivan Brajovi\u0107 pita\u0107e Krivokapi\u0107a kada o\u010dekuje da \u0107e se realizovati njegov predlog za razrje\u0161enje Leposavi\u0107a, s obzirom na to da ga je uputio 6. aprila, a da se to pitanje jo\u0161 nije razmatralo u Skup\u0161tini.<\/p>\n<p>\u0160ef poslani\u010dkog kluba Bo\u0161nja\u010dke stranke, Ervin Ibrahimovi\u0107, pita\u0107e premijera da li je Vlada na \u010dijem je \u010delu odustala od namjere da izmijeni Zakon o registrima prebivali\u0161ta i boravi\u0161ta i Odluku o kriterijumima za utvr\u0111ivanje uslova za sticanje dr\u017eavljanstva.<\/p>\n<p>Predsjednik Socijaldemokratske partije (SDP) Ra\u0161ko Konjevi\u0107 pita\u0107e premijera za\u0161to je Vlada odbila predloge zakona SDP-a o smanjenju optere\u0107enja po osnovu rada, kao i o kreiranju garantnih \u0161ema za pomo\u0107 privredi.<\/p>\n","protected":false},"excerpt":{"rendered":"<p>Predsjednik Vlade Zdravko Krivokapi\u0107 odgovara\u0107e danas u parlamentu na pitanja predstavnika poslani\u010dkih klubova.<\/p>\n","protected":false},"author":1,"featured_media":318982,"comment_status":"open","ping_status":"closed","sticky":false,"template":"","format":"standard","meta":{"_seopress_robots_primary_cat":"","_seopress_titles_title":"","_seopress_titles_desc":"","_seopress_robots_index":"","_et_pb_use_builder":"","_et_pb_old_content":"","_et_gb_content_width":"","inline_featured_image":false,"footnotes":""},"categories":[14],"tags":[],"class_list":["post-318981","post","type-post","status-publish","format-standard","has-post-thumbnail","hentry","category-vijesti"],"_links":{"self":[{"href":"https:\/\/www.pcnen.com\/portal\/wp-json\/wp\/v2\/posts\/318981","targetHints":{"allow":["GET"]}}],"collection":[{"href":"https:\/\/www.pcnen.com\/portal\/wp-json\/wp\/v2\/posts"}],"about":[{"href":"https:\/\/www.pcnen.com\/portal\/wp-json\/wp\/v2\/types\/post"}],"author":[{"embeddable":true,"href":"https:\/\/www.pcnen.com\/portal\/wp-json\/wp\/v2\/users\/1"}],"replies":[{"embeddable":true,"href":"https:\/\/www.pcnen.com\/portal\/wp-json\/wp\/v2\/comments?post=318981"}],"version-history":[{"count":1,"href":"https:\/\/www.pcnen.com\/portal\/wp-json\/wp\/v2\/posts\/318981\/revisions"}],"predecessor-version":[{"id":318983,"href":"https:\/\/www.pcnen.com\/portal\/wp-json\/wp\/v2\/posts\/318981\/revisions\/318983"}],"wp:featuredmedia":[{"embeddable":true,"href":"https:\/\/www.pcnen.com\/portal\/wp-json\/wp\/v2\/media\/318982"}],"wp:attachment":[{"href":"https:\/\/www.pcnen.com\/portal\/wp-json\/wp\/v2\/media?parent=318981"}],"wp:term":[{"taxonomy":"category","embeddable":true,"href":"https:\/\/www.pcnen.com\/portal\/wp-json\/wp\/v2\/categories?post=318981"},{"taxonomy":"post_tag","embeddable":true,"href":"https:\/\/www.pcnen.com\/portal\/wp-json\/wp\/v2\/tags?post=318981"}],"curies":[{"name":"wp","href":"https:\/\/api.w.org\/{rel}","templated":true}]}}