{"id":318940,"date":"2021-04-27T13:24:36","date_gmt":"2021-04-27T11:24:36","guid":{"rendered":"https:\/\/www.pcnen.com\/portal\/?p=318940"},"modified":"2021-04-27T13:49:02","modified_gmt":"2021-04-27T11:49:02","slug":"hapsenja","status":"publish","type":"post","link":"https:\/\/www.pcnen.com\/portal\/2021\/04\/27\/hapsenja\/","title":{"rendered":"Hap\u0161enja"},"content":{"rendered":"<p>Prije par dana je uhap\u0161en navodni vo\u0111a Kava\u010dkog klana Slobodan Ka\u0161\u0107elan. Potpredsjednik Vlade Dritan Abazovi\u0107 se odmah javno pohvalio da je to najve\u0107i uspjeh policije u poslednjih deset godina i pokazatelj spremnosti nove Vlade za borbu protiv organizovanog kriminala. S obzirom na to da je Abazovi\u0107 potpredsjednik Vlade za bezbjednost, sebe je targetirao kao pokrovitelja tog hap\u0161enja i pove\u0107ao sopstveni bezbjedonosni rizik. Odmah nakon hap\u0161enja sudija za istragu je oslobodio Ka\u0161\u0107elana i druge uhap\u0161ene u akciji policije, da bi Vi\u0161i sud poni\u0161tio tu odluku i ponovo izdao nalog za njihovo hap\u0161enje. Abazovi\u0107 se tu opet istr\u010davao izjavama, jo\u0161 vi\u0161e crtaju\u0107i metu samom sebi.<\/p>\n<p>Samo par dana nakon ovih de\u0161avanja, policija je iza\u0161la sa informacijama da su pripadnici Kava\u010dkog klana spremali likvidaciju Abazovi\u0107a kao vid odmazde za hap\u0161enje njihovog \u0161efa. Objavljuju\u0107i tu informaciju, policija je, vjerujem nesvjesno, jo\u0161 vi\u0161e ugrozila sigurnost potpredsjednika Vlade. Ozbiljna borba protiv korupcije i kriminala \u2013 koja je sa ovakvim sudstvom i tu\u017eila\u0161tvom prosto nemogu\u0107a &#8211; manje poga\u0111a pripadnike klasi\u010dnih kriminalnih klanova od pripadnika organizovanog kriminala zaogrnutog pla\u0161tom politike, jer su u drugom slu\u010daju profit, mo\u0107 i uticaj ve\u0107i. Pri tom, sve se radi u bijelim rukavicama. Od prvih kao klasi\u010dnih kriminalaca normalni gra\u0111ani zaziru, drugi su javna gospoda: razni investitori i strate\u0161ki partneri, biv\u0161i ministri, direktori dr\u017eavnih firmi i raznih agencija, \u010dak &#8211; \u00a0ili prije svega &#8211; premijeri. Kod klasi\u010dnog kriminala kod nas, profiti se kre\u0107u u desetinama miliona eura a kod politi\u010dkog u stotinama \u00a0miliona.<\/p>\n<p>Javnim objavljivanjem informacije da su pripadnici Kava\u010dkog klana spremali ubistvo Abazovi\u0107a, te da su zbog toga preduzete posebne i najve\u0107e mjere za\u0161tite prema njemu, policija je mogu\u0107e ohrabrila, ove druge, politi\u010dke a mo\u0107nije djelove organizovanog kriminala \u2013 kojima Abazovi\u0107 vi\u0161e smeta, da mo\u017eda urade tako ne\u0161to, jer bi se krivica automatski pripisala prvim. Pisanjem i ukazivanjem na tu mogu\u0107nost upravo mu stajem u za\u0161titu, bez obzira koliko se neslagao sa mnogim potezima koje je Abazovi\u0107 preduzeo ili nije preduzeo kao konstituent nove vlasti, koja zavisi od njegove podr\u0161ke.<\/p>\n<p>Borba protiv organizovanog kriminala u ovakvoj situaciji je prosto nemogu\u0107a iz vi\u0161e razloga, a osnovni su: vrh Sudstva i Tu\u017eila\u0161tva je beznade\u017eno korumpiran i na ovaj ili onaj na\u010din dio organizovanog kriminala, kompletan sistem je napravljen tako da mu korupcija i kriminal \u010dini sr\u017e i strukturu, vladaju\u0107a ve\u0107ina je neslo\u017ena i nestabilna te kao takva obeshrabruje potencijalno profesionalne tu\u017eioce i sudije da rizikuju svoju bezbjednost i karijeru kre\u0107u\u0107i u odlu\u010dnu borbu protiv njega, dru\u0161tvo je totalno podijeljeno po nacionalnim, identitetskim i vjerskim pitanjima tako da njegova polovina ne bi podr\u017eala ni\u0161ta \u0161to radi nova vlast, pa ni borbu protiv korupcije i kriminala, \u0161to je jo\u0161 jedan u nizu na\u0161ih paradoksa. Jedina donekla svijetla ta\u010dka u svemu, ali nedovoljna, su pomaci napravljeni u profesionalizaciji Uprave policije.<\/p>\n<p>Uprkos dokazima koje je prikupila policija o Kava\u010dkom klanu i njegovom vo\u0111i, uvjeren sam da \u0107e oni biti oslobo\u0111eni, kao i biv\u0161i ministar ekonomije Branko Vujovi\u0107 i ekipa oko njega, koji su uhap\u0161eni zbog palih garancija KAP-u.<\/p>\n<p>Osim promjene kompletnog vrha Tu\u017eila\u0161tva i Sudstva, ali i preispitivanja umije\u0161enosti pojedinih advokata i sudskih vje\u0161taka u organizovani kriminal, one neprodate Majbahe treba dodijeliti tim budu\u0107im tu\u017eiocima i sudijama za borbu protiv organizovanog kriminala, kao i obezbje\u0111enje poput onog kojeg trenutno ima Abazovi\u0107. A prvi njihov potez ne bi trebali da budu istrage protiv Kava\u010dkog, \u0160kaljarskog \u00a0ili klanova biv\u0161ih premijera, ve\u0107 protiv biv\u0161e VDT i\u00a0 predsjednice Vrhovnog suda Vesne Medenice, kao i specijalnog tu\u017eioca za organizovani kriminal Milivoja Katni\u0107a. Ako ne zbog korupcije i povezanosti sa organizovanim kriminalom, onda makar zbog nesavjesnog rada u slu\u017ebi. Samo tako se mo\u017ee poslati jasna poruka da nema nedodrljivih, da \u010delnici sudstva i tu\u017eila\u0161tva nijesu iznad ostalih gra\u0111ana i da \u0107e svako ko se ogrije\u0161io o zakon odgovarati.<\/p>\n<p>Kako sad, tako i ubudu\u0107e.<\/p>\n","protected":false},"excerpt":{"rendered":"<p>Pi\u0161e: Omer \u0160ARKI\u0106<\/p>\n","protected":false},"author":12,"featured_media":286086,"comment_status":"open","ping_status":"closed","sticky":false,"template":"","format":"standard","meta":{"_seopress_robots_primary_cat":"","_seopress_titles_title":"","_seopress_titles_desc":"","_seopress_robots_index":"","_et_pb_use_builder":"","_et_pb_old_content":"","_et_gb_content_width":"","inline_featured_image":false,"footnotes":""},"categories":[17],"tags":[],"class_list":["post-318940","post","type-post","status-publish","format-standard","has-post-thumbnail","hentry","category-blogovi"],"_links":{"self":[{"href":"https:\/\/www.pcnen.com\/portal\/wp-json\/wp\/v2\/posts\/318940","targetHints":{"allow":["GET"]}}],"collection":[{"href":"https:\/\/www.pcnen.com\/portal\/wp-json\/wp\/v2\/posts"}],"about":[{"href":"https:\/\/www.pcnen.com\/portal\/wp-json\/wp\/v2\/types\/post"}],"author":[{"embeddable":true,"href":"https:\/\/www.pcnen.com\/portal\/wp-json\/wp\/v2\/users\/12"}],"replies":[{"embeddable":true,"href":"https:\/\/www.pcnen.com\/portal\/wp-json\/wp\/v2\/comments?post=318940"}],"version-history":[{"count":5,"href":"https:\/\/www.pcnen.com\/portal\/wp-json\/wp\/v2\/posts\/318940\/revisions"}],"predecessor-version":[{"id":318945,"href":"https:\/\/www.pcnen.com\/portal\/wp-json\/wp\/v2\/posts\/318940\/revisions\/318945"}],"wp:featuredmedia":[{"embeddable":true,"href":"https:\/\/www.pcnen.com\/portal\/wp-json\/wp\/v2\/media\/286086"}],"wp:attachment":[{"href":"https:\/\/www.pcnen.com\/portal\/wp-json\/wp\/v2\/media?parent=318940"}],"wp:term":[{"taxonomy":"category","embeddable":true,"href":"https:\/\/www.pcnen.com\/portal\/wp-json\/wp\/v2\/categories?post=318940"},{"taxonomy":"post_tag","embeddable":true,"href":"https:\/\/www.pcnen.com\/portal\/wp-json\/wp\/v2\/tags?post=318940"}],"curies":[{"name":"wp","href":"https:\/\/api.w.org\/{rel}","templated":true}]}}