{"id":318746,"date":"2021-04-23T13:09:57","date_gmt":"2021-04-23T11:09:57","guid":{"rendered":"https:\/\/www.pcnen.com\/portal\/?p=318746"},"modified":"2021-04-23T13:17:54","modified_gmt":"2021-04-23T11:17:54","slug":"kad-proljece-kasni","status":"publish","type":"post","link":"https:\/\/www.pcnen.com\/portal\/2021\/04\/23\/kad-proljece-kasni\/","title":{"rendered":"Kad prolje\u0107e kasni"},"content":{"rendered":"<p>Od kad pamtim, hladnijeg i ki\u0161ovitijeg aprila nije bilo.<\/p>\n<p>Tridesetog avgusta pro\u0161le godine je osvje\u017eilo, ali se narod opet u\u017eelio vru\u0107ina. Gra\u0111ane vi\u0161e ni ja ne\u0107u pominjati jer su oni izba\u010deni iz upotrebe, \u010dak i retori\u010dki. Ostao je samo narod tj. \u201epo\u0161tovani narod\u201c.<\/p>\n<p>Po\u0161tovani narod izlu\u0111e. Hladno je, dugo smo bili zatvoreni \u2013 ovako i onako, ogrijev je potro\u0161en, narodu treba malo topline i sunca. A njih ni na vidiku.<\/p>\n<p>Od kada je osvje\u017eilo, ba\u0161 dobro, po\u0161tovani narod grije jedino nacionalizam i \u0161ovinizam. Zagriju ga i izbori, poput onih u Nik\u0161i\u0107u, kada su se mnogi ozbiljno zabrinuli da vatre ne bude i iz oru\u017eja. Kako je sve, ipak, pod kontrolom, nije zapucalo, iako je mrtvih bilo \u2013 na desetine. A stotine zara\u017eenih kovidom-19 kao posljedicom odsudne &#8220;bitke za Nik\u0161i\u0107\u201c. Epilog je da ni poslije \u010detrdestice pobjednici ne mogu da se dogovore o bilo \u010demu, izgleda, pa ni o mjestu gradona\u010delnika, ali to vje\u0161to kriju. Zbog porodica \u017ertava, valjda. Ne samo onih biolo\u0161kih i stvarnih, ve\u0107 i onih koji su bili obi\u010dni vojnici u toj bici &#8211; a to je po\u0161tovani narod, koji \u0107e opet stradati &#8211; sva je prilika.<\/p>\n<p>Od osvje\u017eenja, me\u0111unacionalne tenzije u Crnoj Gori iz dana u dan samo rastu. Idu do pucanja. Novi krive stare, stari nove. Mr\u017enja prosto klju\u010da, a jedina rentabilna grana privrede postala je izrada i prodaja zastava. Zastave idu kao alva u Ramazanu, koji je mo\u017eda krivac za ovako (ne)vrijeme, jer \u201ekako prvog dana Ramazana, tako \u0107e biti do njegovog kraja\u201c.<\/p>\n<p>Posla je sve manje i manje, pa je mahanje zastvama postalo zanimanje. Za ve\u0107inu volentersko, a neki, \u010dujem, dobijaju bogami i honorar.<\/p>\n<p>Da li je krivac za ovakvo stanje stvari stara vlast i \u201eudba\u201c ili nova, ni ja ne smijem iznijeti stav. Jer svaki stav ako nije po volji \u201ena\u0161im\u201c ide na ruku &#8220;njihovim&#8221;, postaje\u00a0 opasan i izdajni\u010dki. A neko jeste kriv, to je sigurno. Za tango je, zna se, uvijek potrebno dvoje.<\/p>\n<p>Gra\u0111ani Pljevalja bo\u0161nja\u010dke nacionalnosti su u strahu. Velikom. Opravdnom ili ne manje je bitno, ali to je \u010dinjenica. Na koju niko ne obra\u0107a pa\u017enju. A i oni su bar\u00a0 manji djeli\u0107 tog po\u0161tovanog naroda, zar ne?<\/p>\n<p>Snimak sa protesta ispred CB Pljevalja je jeziv. Ne toliko zbog skandiranja koliko zbog istinskog \u00a0razloga protestovanja, a \u0161to se jasno moglo \u010duti u prvom dijelu objavljenog snimka.<\/p>\n<p>Ju\u010de \u010ditam na patriotskom portalu \u201eAntena M\u201c da \u0107e za 21. maj razviti najve\u0107a crnogorska zastava na svijetu, povr\u0161ine 5 000 kvm, dimenzija 100 x 50 m, te\u0161ka 700kg! To je jedna od glavnih vijesti. Prije toga je pleme Ku\u010di iznijelo najve\u0107u srpsku zastavu, dugu 60 metara, \u0161to je bila glavna vijest jo\u0161 patriotskijeg portala in4s. Po\u0161tovani narod je o\u010dito poludio od stimulansa, dok se dileri koji mu priodaju opijate\u00a0 ba\u0161kare u nekim od svojih brojnih stanova ili vikendica.<\/p>\n<p><img loading=\"lazy\" decoding=\"async\" class=\"aligncenter size-full wp-image-318752\" src=\"https:\/\/www.pcnen.com\/portal\/wp-content\/uploads\/2021\/04\/omerovo-e1619176081126.jpg\" alt=\"\" width=\"600\" height=\"450\" \/><\/p>\n<p>Foto:Omer \u0160arki\u0107<\/p>\n<p>Ovoliko velike zastave su opasne kao bomba. Mogu da ugu\u0161e one koje ih nose ako nesmotreno rukuju sa njima!<\/p>\n<p>Ni\u0161ta ve\u0107inu tj.po\u0161tovani narod ne ubija bolje od ovako iskazivanog \u201epatriotizma\u201c, a bogati onu manjinu koja mu ga name\u0107e.<\/p>\n<p>Ju\u010de \u010duh i da srpski Partrijah Porfirije dolazi u Crnu Goru na potpisivanje temeljnog ugovora Crkve sa Crnom Gorom. I streknuh. Ko \u0107e izdr\u017eati jo\u0161 jedno obostrano barja\u010denje, optu\u017eivanje, izlive mr\u017enje, napetosti do pucanja, blokade, barikade, policijske kordone, povike, uzvike, vrije\u0111anja? A sve to nas pri ovoj posjeti, izvjesno je, \u010deka. Uz \u201esmirivanje strasti\u201c od strane, prije svih Vu\u010di\u0107a i \u0110ukanovi\u0107a \u2013 ali i ostalih, polivanjem benzina na ve\u0107 rasplamsalu vatru. De\u0161avanja oko \u201ebitke za Nik\u0161i\u0107\u201c \u0107e izgledati benigno pri onome \u0161to nas \u010deka za vrijeme posjete Partrijarha. Svi su toga svjesni, ali, eto, vole da se igraju vatrom, lo\u017ee\u0107i po\u0161tovani im narod.<\/p>\n<p>Jedva \u010dekam da sunce opet grane, po\u010dne nemilosrdno da pr\u017ei, uprkos sve ve\u0107oj rupi. Ozonskoj, mislim. Predugo je svje\u017ee. Prolje\u0107e ba\u0161 kasni. Mo\u017eda je Ramazan kriv za sve?<\/p>\n","protected":false},"excerpt":{"rendered":"<p>Pi\u0161e:Omer \u0160ARKI\u0106<\/p>\n","protected":false},"author":12,"featured_media":286086,"comment_status":"open","ping_status":"closed","sticky":false,"template":"","format":"standard","meta":{"_seopress_robots_primary_cat":"","_seopress_titles_title":"","_seopress_titles_desc":"","_seopress_robots_index":"","_et_pb_use_builder":"","_et_pb_old_content":"","_et_gb_content_width":"","inline_featured_image":false,"footnotes":""},"categories":[17],"tags":[],"class_list":["post-318746","post","type-post","status-publish","format-standard","has-post-thumbnail","hentry","category-blogovi"],"_links":{"self":[{"href":"https:\/\/www.pcnen.com\/portal\/wp-json\/wp\/v2\/posts\/318746","targetHints":{"allow":["GET"]}}],"collection":[{"href":"https:\/\/www.pcnen.com\/portal\/wp-json\/wp\/v2\/posts"}],"about":[{"href":"https:\/\/www.pcnen.com\/portal\/wp-json\/wp\/v2\/types\/post"}],"author":[{"embeddable":true,"href":"https:\/\/www.pcnen.com\/portal\/wp-json\/wp\/v2\/users\/12"}],"replies":[{"embeddable":true,"href":"https:\/\/www.pcnen.com\/portal\/wp-json\/wp\/v2\/comments?post=318746"}],"version-history":[{"count":7,"href":"https:\/\/www.pcnen.com\/portal\/wp-json\/wp\/v2\/posts\/318746\/revisions"}],"predecessor-version":[{"id":318755,"href":"https:\/\/www.pcnen.com\/portal\/wp-json\/wp\/v2\/posts\/318746\/revisions\/318755"}],"wp:featuredmedia":[{"embeddable":true,"href":"https:\/\/www.pcnen.com\/portal\/wp-json\/wp\/v2\/media\/286086"}],"wp:attachment":[{"href":"https:\/\/www.pcnen.com\/portal\/wp-json\/wp\/v2\/media?parent=318746"}],"wp:term":[{"taxonomy":"category","embeddable":true,"href":"https:\/\/www.pcnen.com\/portal\/wp-json\/wp\/v2\/categories?post=318746"},{"taxonomy":"post_tag","embeddable":true,"href":"https:\/\/www.pcnen.com\/portal\/wp-json\/wp\/v2\/tags?post=318746"}],"curies":[{"name":"wp","href":"https:\/\/api.w.org\/{rel}","templated":true}]}}