{"id":316846,"date":"2021-03-25T19:57:29","date_gmt":"2021-03-25T18:57:29","guid":{"rendered":"https:\/\/www.pcnen.com\/portal\/?p=316846"},"modified":"2021-03-25T20:28:11","modified_gmt":"2021-03-25T19:28:11","slug":"ograde-2","status":"publish","type":"post","link":"https:\/\/www.pcnen.com\/portal\/2021\/03\/25\/ograde-2\/","title":{"rendered":"Ograde"},"content":{"rendered":"<p>Jedan od mehanizama prethodne vlasti kojom je obezbje\u0111ivala svoju nesmjenjivost bila je stalno podsticanje podjela po raznim osnovama, prije svih podjela na Srbe i Crnogorce, pri \u010demu su prvi definisani kao neprijatelji dr\u017eave a Crnogorci zajedno sa manjinama kao njeni branioci i patriote. Demokratski front joj je bio idealan pandam u tome, obezbje\u0111iju\u0107i uvijek respektabilan broj glasova \u2013 \u010ditaj manadata, kroz \u201eodbranu\u201c srpskih nacionalnih interesa. U tom za\u010daranom krugu izazivanih podjela \u010dinilo se da \u0107e DPS vladati zauvijek a da \u0107e DF zauvijek ostati \u201ejedina prava opozicija\u201c, na zadovoljstvo i jednih i drugih. Ra\u010dune im je, kao \u0161to znamo, pomrsila Crkva. A promjene koje bilo kom dru\u0161tvu donese Crkva uglavnom budu diskutabilne, pogotovu ako se ona ne povu\u010de iz politike, \u0161to SPC o\u010dito ne namjerava.<\/p>\n<p>Nova Vlada je pored svih problema koje im je ostavila prethodna, naslijedila i breme potpuno podjeljnog dru\u0161tva u kome me\u0111unacionalna i me\u0111uvjerska netrpeljivost \u010desto prelazi u otvorenu mr\u017enju, tinjaju\u0107e sukobe. Mo\u017eda najva\u017eniji zadatak nove vlade i premijera nijesu bili borba protiv pandemije, ekonomski oporavak, uspostavljanje vladavine prava i osloba\u0111anje institucija, ve\u0107 upravo pomirenje unutar Crne Gore. Jer, bez njega je nemogu\u0107e uraditi bilo \u0161to drugo. Ako je pola Crne Gore o\u0161tro protiv neke Vlade i do\u017eivljava je kao neprijateljsku, svaka reforma i oporavak su puno te\u017ei, prakti\u010dno nemogu\u0107i. U konstelaciji politi\u010dkih snaga kakva je bila u novoj parlamentarnoj ve\u0107ini, na taj te\u017eak ali neophodan cilj je trebala i morala presudno uticati URA, uz pomo\u0107 Dmokrata, a uz dobro volju i namjere Krivokapi\u0107a kao premijera. Me\u0111utim, pone\u0161eni euforijom pobjede, svi su zakazali po tom pitanju.<\/p>\n<p>URA se umislila u svojoj samozadovoljnosti, Demokrate su po\u010dele tiho flertovati sa Crkvom i nacionalizmom ostavljuju\u0107i zacrtane programske principe po strani, a Krivokapi\u0107 je na svakom mjestu javno demonstrirao svoju odanost SPC u Crnoj Gori vi\u0161e nego gra\u0111anima \u010diji je premijer, a koji su razli\u010ditih vjera, nacija i simpatija prema njoj. Duh potiskivanog srpskog nacionalizma usko povezan sa SPC je iza\u0161ao iz boce, manifestovano se rasplinjuju\u0107i po ulicama crnogorskih gradova, na dru\u0161tvenim mre\u017eama, u biografijama ve\u0107ine namje\u0161tanika nove Vlade. To je automatski izazvalo kontranacionalizam Crnogoraca i manjina, koji su, opravdano ili ne, u novoj ve\u0107ini i premijeru vidjeli opasnost od majorizacije, nacionalne i vjerske segregacije.<\/p>\n<p>Tako je nova Vlada grogiranom DPS-u dala kisonik za oporavak, jer su se \u201epatriotama\u201c iz interese pridru\u017eio i veliki dio onih koji su bili najlju\u0107i protivnici apana\u017enih turbopatriota, onih kojima je crnogorstvo bilo pokri\u0107e za sveop\u0161tu plja\u010dku.<\/p>\n<p>\u0160est mjeseci poslije silaska sa vlasti DPS-a a skoro \u010detiti poslije formiranja nove Vlade, podjele su nikad izra\u017eenije i nikad ve\u0107e. Jedan vladaju\u0107i nacionalizam, uglavnom neiskreni, zamjenio je drugi, uglavnom iskreni. Jedna nacionalno-vjerska homogenizacija i dominacija izazvala je seriju drugih. Doga\u0111anja na izborima u Nik\u0161i\u0107u, kao i rezultat DPS-a \u00a0na tim izborima, najbolji su pokazatelj gore navedenog. Kao i neuspjesi Vlade, u suzbijanju pandemije prije svega.<\/p>\n<p>Sjetimo se kako su biv\u0161a opozicija i gra\u0111ani \u201epo\u0161tovali\u201c mjere biv\u0161e Vlade na suzbijenju kovida. Isto sad rade i ve\u0107ina gra\u0111ana opoziciono nastrojenih prema aktuelnoj vlasti, bez obzira koliko to izgledalo nenormalno i suicidno. U podjelama i mr\u017enji smo spremni ugroziti sopstvene \u017eivote, \u017eivote svojih ro\u0111aka i prijatelja, samo da bi napakostili onim drugim \u201ekoji nijesu na\u0161i\u201c.<\/p>\n<p>Slike sa Cetinja, svog u ogradama, kojima se branio bilo kakav kontakt dijela gra\u0111ana Cetinja sa \u201eizabranim narodnim predstavnicima\u201c, uz ogromno prisustvo policije, jo\u0161 jedan je dokaz tih podjela. Ohrabruje jedino \u0161to su gra\u0111ani Cetinja, ovaj put \u2013 za razliku od pro\u0161log, \u00a0jednako \u201epozdravljali\u201c poslanike nove vlasti i premijera kao i biv\u0161e, skandiraju\u0107i im, uz zvi\u017eduke, sa \u00a0\u201elopovi\u201c.<\/p>\n<p>Ohrabruju\u0107a su i izlaganja premijera sa Skup\u0161tinske govornice na Cetinju, kojim je pozvao na pomirenje i slogu kao jedinom putu za sveop\u0161te dobro i izlazak iz sve dublje krize koja je tek pred nama. Ali sa rije\u010di treba pre\u0107i na djela. A djela govore da je od 205 namje\u0161tenja u novoj Vladi manjinama pripalo svega sedam &#8211; najbezna\u010dajnih, odnosno 3%, iako ih u strukturi stanovni\u0161tva ima preko 20%. Uz to, povjerenje se lako gubi a te\u0161ko gradi, a premijer i nova Vlada su to povjerenje me\u0111u nacionalnim Crnogorcima i manjinama izgubili, stoga \u0107e im biti puno te\u017ee. Ali to je jedini put, ne da se samo ubla\u017ee podjele i mr\u017enja, ve\u0107 da bi Vlada mogla posti\u0107i bilo kakav uspjeh.<\/p>\n<p>Od dvedesete do danas kaltno podjela nas je uni\u0161tavalo i uni\u0161tilo. Na po\u010detku je to klatno dobro pretezalo ka srpskoj strani, zatim crnogorskoj, sada opet srpskoj. Dok god ono prte\u017ee ne bilo koju stranu, gra\u0111ani \u0107e uvijek biti na gubitku \u2013 ma kako se nacionalno osje\u0107ali, a politi\u010dke \u201eelite\u201c na dobitku, bar onom politi\u010dko-karijernom i materijalnom.<\/p>\n<p>Crna Gora mora biti pomirena me\u0111u sobom, me\u0111u ve\u0107inskim Sbima i Crnogorcima, uz puno uva\u017eavanje i po\u0161tovanje manjina i njihovih prava, da bi mogla i\u0107i naprijed i da bi je svi osje\u0107ali kao svoju, bez klatna dominacije bilo koga nad bilo kim. \u00a0Takva Crna Gora je dovoljna velika za sve i svi \u0107e je takvu do\u017eivljavati kao svoju. A onda je sve ostale probleme mnogo lak\u0161e rje\u0161avati i rje\u0161iti.<\/p>\n","protected":false},"excerpt":{"rendered":"<p>Pi\u0161e: Omer \u0160ARKI\u0106<\/p>\n","protected":false},"author":12,"featured_media":286086,"comment_status":"open","ping_status":"closed","sticky":false,"template":"","format":"standard","meta":{"_seopress_robots_primary_cat":"","_seopress_titles_title":"","_seopress_titles_desc":"","_seopress_robots_index":"","_et_pb_use_builder":"","_et_pb_old_content":"","_et_gb_content_width":"","inline_featured_image":false,"footnotes":""},"categories":[17],"tags":[],"class_list":["post-316846","post","type-post","status-publish","format-standard","has-post-thumbnail","hentry","category-blogovi"],"_links":{"self":[{"href":"https:\/\/www.pcnen.com\/portal\/wp-json\/wp\/v2\/posts\/316846","targetHints":{"allow":["GET"]}}],"collection":[{"href":"https:\/\/www.pcnen.com\/portal\/wp-json\/wp\/v2\/posts"}],"about":[{"href":"https:\/\/www.pcnen.com\/portal\/wp-json\/wp\/v2\/types\/post"}],"author":[{"embeddable":true,"href":"https:\/\/www.pcnen.com\/portal\/wp-json\/wp\/v2\/users\/12"}],"replies":[{"embeddable":true,"href":"https:\/\/www.pcnen.com\/portal\/wp-json\/wp\/v2\/comments?post=316846"}],"version-history":[{"count":6,"href":"https:\/\/www.pcnen.com\/portal\/wp-json\/wp\/v2\/posts\/316846\/revisions"}],"predecessor-version":[{"id":316854,"href":"https:\/\/www.pcnen.com\/portal\/wp-json\/wp\/v2\/posts\/316846\/revisions\/316854"}],"wp:featuredmedia":[{"embeddable":true,"href":"https:\/\/www.pcnen.com\/portal\/wp-json\/wp\/v2\/media\/286086"}],"wp:attachment":[{"href":"https:\/\/www.pcnen.com\/portal\/wp-json\/wp\/v2\/media?parent=316846"}],"wp:term":[{"taxonomy":"category","embeddable":true,"href":"https:\/\/www.pcnen.com\/portal\/wp-json\/wp\/v2\/categories?post=316846"},{"taxonomy":"post_tag","embeddable":true,"href":"https:\/\/www.pcnen.com\/portal\/wp-json\/wp\/v2\/tags?post=316846"}],"curies":[{"name":"wp","href":"https:\/\/api.w.org\/{rel}","templated":true}]}}