{"id":315298,"date":"2021-03-04T13:05:41","date_gmt":"2021-03-04T12:05:41","guid":{"rendered":"https:\/\/www.pcnen.com\/portal\/?p=315298"},"modified":"2021-03-04T13:05:41","modified_gmt":"2021-03-04T12:05:41","slug":"odupri-se-2","status":"publish","type":"post","link":"https:\/\/www.pcnen.com\/portal\/2021\/03\/04\/odupri-se-2\/","title":{"rendered":"Odupri se"},"content":{"rendered":"<p>Ju\u010de mi na fejsbuku iza\u0111e uspomena od prije dvije godine na kojoj je bila fotografija sa prepunog Trga (ne)zavisnosti sa protesta \u201eOdupri se\u201c, uz propratni, kratak tekst, objavljen tada. Citira\u0107u ga: \u201eBez zastava, bez nacionalnih i vjerskih obelje\u017eja, bez ijednog incidenta. Mirno, dostojanstveno, slo\u017eno, uz najzad dobro ozvu\u010denje i uvijek dobru muziku. Sa puno nade, pozitivnom energijom, najzad sre\u0107om i osmijehom na licima gra\u0111ana. Uz sve amaterske gre\u0161ke koje smo pravili i napravii &#8211; jer jesmo amateri.\u201d<\/p>\n<p>Fejsbuk me podsjeti na navedenu objavu upravo poslije osloba\u0111aju\u0107e presude la\u017enog suda i sudija za glavnog aktera afere \u201cKoverta\u201d, Slavoljuba Miga Stijepovi\u0107a, kojeg je Vi\u0161i sud oslobodio odgovornosti uprskos snimku i nepobitnim dokazima koje je sva doma\u0107a i me\u0111unarodna javnost mogla da vidi. \u201cPatriote\u201d, koje i dalje, o\u010digledno je, komanduju la\u017enim sudstvom i tu\u017eila\u0161tvom, su na taj na\u010din najbolje pokazale svoj patriotizam i iskrenost svoje \u201cborbe za dr\u017eavu\u201d. Objava i fotografije me podsjeti\u0161e i na to \u0161ta smo imali onda \u2013 za vrijeme protesta, \u0161ta imamo sad.<\/p>\n<p>A imali smo prvi put u novijoj istoriji Crne Gore velike proteste bez ijednog, makar i najmanjeg incidenta, gra\u0111ane bez zastava, nacionalnih i vjerskih obelje\u017eja, svih nacija i politi\u010dkih uvjerenja, ujedinjene i slo\u017ene u borbi protiv op\u0161te korupcije, la\u017enog sudstva i tu\u017eila\u0161tva, la\u017enih izbora.<\/p>\n<p>Na jednoj strani su bili gra\u0111ani, na drugoj vlast &#8211; i opozicija, to jest onaj njen glavni dio. I jednima i drugima je podjednako smetalo \u0161to na protestima nema patriotizma izra\u017eenog kroz mahanje zastavama, kojima \u201celite\u201d mame pomamljeno krdo kao toreador bika u areni. I jedni i drugi su se na\u0161li ugro\u017eenim zato \u0161to se sve nije odvijalo po njihovim decenijskim planovima podjela, mr\u017enje, sukoba. Strah od uspjeha takvih protesta vi\u0161e je bio izra\u017een kod DF-a nego samog DPS-a. Zato su na sve na\u010dine poku\u0161ali &#8211; i uspjeli, ujedinjeno, da ih ugase.<\/p>\n<p>Gra\u0111anska tj.\u201dgra\u0111anska\u201d opozicije je svemu tome bila svjedok, sve je vidjela\u00a0 i znala, ali niko nije htio niti smio da to javno ka\u017ee. \u201cSa njima nikad ne\u0107e do\u0107i do promjene, sve miniraju, ali ulaziti u sukob sa njima je opasno i valjanje po najgorem blatu\u201d \u2013 govorili bi nam.<\/p>\n<p>Onda su \u00a0stvar u svoje ruke uzeli Crkva i mitropolit Amfilohije, svojih interesa radi \u2013 normalno. \u010cak i takav autoritet kakav je bio kontroverzni mitropolit Amfilohije, DF-u nije bio prepreka da poku\u0161a minirati protestne litije \u2013 prisvaju\u0107i ih, podme\u0107u\u0107i klipove Crkvi i samom mitropolitu. Me\u0111utim, Crkva i mitropolit su kao mudri politi\u010dki igra\u010di pacifikovali DF ubacaju\u0107i Krivokapi\u0107a kao svog trojanskog konja za nosioca njihove liste. Ostalo je istorija koju trenutno \u017eivimo.<\/p>\n<p>Crkva je postala glavni politi\u010dki faktor u Crnoj Gori, \u010diju mo\u0107 najvi\u0161e poku\u0161ava sru\u0161iti DF, a ne DPS ili muslimani, katolici i ateisti.<\/p>\n<p>Tako smo dobili dvije sukobljenje krajnje desnice, kao sliku i priliku nove vlasti i politi\u010dkih promjena u Crnoj Gori, u kojoj \u201cumjerenija\u201d ve\u0107ina navija za Krivokapi\u0107evsko-crkvenu desnicu, dok je partijski aparat, novac, inostrana pomo\u0107 \u00a0i beskurpuloznost na strani DF-a kao radikalne desnice. Zastave su ponovo razvijene kao nikad do sada, patriote na srpskoj i crnogorskoj strani \u00a0bajra\u010de do ekstaze, a ekstaza za njih je pokazivanje i dokazivanje me\u0111usobne mr\u017enje kao najve\u0107eg oblika patriotizma i rodoljublja. Nacionalne manjine su potpuno eliminisane iz politi\u010dko-dru\u0161tvenog \u017eivota, marginalizovane i izop\u0161tene. Dritan Abazovi\u0107 sve vi\u0161e igra ulogu \u201cpo\u0161tenog Albanca\u201d iz Milo\u0161evi\u0107evog vremena, a URA je postala sporedni igra\u010d i nijemi posmatra\u010d sukoba dvije prosrpske desnice oko prevlasti &#8211; u vlasti. Podjele su gore nego za vrijeme DPS-a. \u201cBitka za Nik\u0161i\u0107\u201d postaje upravo bitka \u2013 ne izbori, gdje glavnu rije\u010d vode, na jednoj strani kriminalne strukture DPS-a, a na drugoj kriminalna politika DF-a koji ucjenjuje, kupuje i zastra\u0161uje bira\u010de identi\u010dno kao DPS. Svi to vide i znaju, ali, kao onomad, za vrijeme protesta \u201cOdupri se\u201d, o tome se mudro \u0107uti. Iz straha i radi politi\u010dkih kalkulacija.<\/p>\n<p>Toliko \u017eeljne i tra\u017eene promjene svele su nam se na promociju srpstva, svetosavlja, pravoslavnog fundamentalizma i rehebalitaciju \u010detni\u010dkog pokreta, dok stara vlast brani sekularizam i crnogorstvo najkorumpiranim i najomra\u017eenijim kadrovima iz svojih redova. Za gra\u0111ane \u017eeljne mira, prava, pravde i pravih promjena tu jednostavno nema mjesta. \u010cekaju povoljan trenutak za novu masovnu emigraciju, dok obaramo evropske i svjetske rekorde po broju oboljelih i umrlih od kovida. Fundamentalisti\u010dka Vlada jednostavno ne zna da se izbori sa epidemijom, mjere koje donosi su kontrodiktorne, a ni sama ih ne po\u0161tuje, demonstriraju\u0107i to javno.<\/p>\n<p>Protesti &#8216;Odupri se&#8217; bili su poslednja, istina utopijska nada za ovo dru\u0161tvo. Utopijska, jer sa postoje\u0107im politi\u010dkim elitama napredak je prosto nemogu\u0107, a partije tre\u0107eg puta jednostavno nema.<\/p>\n<p>Ostaje nam da je \u010dekamo kao Godoa ili da svi uzmemo razne zastave \u00a0i ma\u0161emo njima.<\/p>\n<p>Ako je od ki\u010da do krvi samo jedan korak, u na\u0161im uslovima, od napadnog mahanja i ljubljenja \u00a0zastava do mahanja oru\u017ejem &#8211; samo je pola koraka.<\/p>\n","protected":false},"excerpt":{"rendered":"<p>Pi\u0161e: Omer \u0160ARKI\u0106<\/p>\n","protected":false},"author":12,"featured_media":313275,"comment_status":"open","ping_status":"closed","sticky":false,"template":"","format":"standard","meta":{"_seopress_robots_primary_cat":"","_seopress_titles_title":"","_seopress_titles_desc":"","_seopress_robots_index":"","_et_pb_use_builder":"","_et_pb_old_content":"","_et_gb_content_width":"","inline_featured_image":false,"footnotes":""},"categories":[17],"tags":[],"class_list":["post-315298","post","type-post","status-publish","format-standard","has-post-thumbnail","hentry","category-blogovi"],"_links":{"self":[{"href":"https:\/\/www.pcnen.com\/portal\/wp-json\/wp\/v2\/posts\/315298","targetHints":{"allow":["GET"]}}],"collection":[{"href":"https:\/\/www.pcnen.com\/portal\/wp-json\/wp\/v2\/posts"}],"about":[{"href":"https:\/\/www.pcnen.com\/portal\/wp-json\/wp\/v2\/types\/post"}],"author":[{"embeddable":true,"href":"https:\/\/www.pcnen.com\/portal\/wp-json\/wp\/v2\/users\/12"}],"replies":[{"embeddable":true,"href":"https:\/\/www.pcnen.com\/portal\/wp-json\/wp\/v2\/comments?post=315298"}],"version-history":[{"count":3,"href":"https:\/\/www.pcnen.com\/portal\/wp-json\/wp\/v2\/posts\/315298\/revisions"}],"predecessor-version":[{"id":315306,"href":"https:\/\/www.pcnen.com\/portal\/wp-json\/wp\/v2\/posts\/315298\/revisions\/315306"}],"wp:featuredmedia":[{"embeddable":true,"href":"https:\/\/www.pcnen.com\/portal\/wp-json\/wp\/v2\/media\/313275"}],"wp:attachment":[{"href":"https:\/\/www.pcnen.com\/portal\/wp-json\/wp\/v2\/media?parent=315298"}],"wp:term":[{"taxonomy":"category","embeddable":true,"href":"https:\/\/www.pcnen.com\/portal\/wp-json\/wp\/v2\/categories?post=315298"},{"taxonomy":"post_tag","embeddable":true,"href":"https:\/\/www.pcnen.com\/portal\/wp-json\/wp\/v2\/tags?post=315298"}],"curies":[{"name":"wp","href":"https:\/\/api.w.org\/{rel}","templated":true}]}}