{"id":314347,"date":"2021-02-18T20:36:35","date_gmt":"2021-02-18T19:36:35","guid":{"rendered":"https:\/\/www.pcnen.com\/portal\/?p=314347"},"modified":"2021-02-18T20:40:47","modified_gmt":"2021-02-18T19:40:47","slug":"krivolov-ubijena-mecka","status":"publish","type":"post","link":"https:\/\/www.pcnen.com\/portal\/2021\/02\/18\/krivolov-ubijena-mecka\/","title":{"rendered":"Krivolov: Ubijena me\u010dka"},"content":{"rendered":"<p>&#8220;Mogu slobodno da ka\u017eem da kod nas ne postoji Lova\u010dko udru\u017eenje, jer nisu u stanju da stanu na kraj ovakim postupcima. Nisu sprije\u010dili da se ovakvi doga\u0111aji de\u0161avaju, to govori o njihovoj neefikasnosti i nesposobnosti\u201d, kazao je <a href=\"http:\/\/radioberane.me\/ubijena-mecka-privedeni-osumnjiceni\/\">za Radio Berane<\/a> lovac Mladen Premovi\u0107, koji je otkrio ubijenu \u017eivotinju.<\/p>\n<p>Jedno od me\u010dadi je ju\u010de zalutalo u Berane i <a href=\"https:\/\/www.pcnen.com\/portal\/2021\/02\/18\/czip-mece-spaseno-sa-drveta-vraceno-u-sumu-video\/\">ono je spa\u0161eno.<\/a><\/p>\n","protected":false},"excerpt":{"rendered":"<p>Nekoliko osoba iz sela R\u017eanica u op\u0161tini Plav privedeno je zbog osnovane sumnje da su ranije danas usmrtili me\u010dku, objavio je Radio Berane. (Foto: Facebook)<\/p>\n","protected":false},"author":1,"featured_media":314350,"comment_status":"open","ping_status":"closed","sticky":false,"template":"","format":"standard","meta":{"_seopress_robots_primary_cat":"","_seopress_titles_title":"","_seopress_titles_desc":"","_seopress_robots_index":"","_et_pb_use_builder":"","_et_pb_old_content":"","_et_gb_content_width":"","inline_featured_image":false,"footnotes":""},"categories":[14],"tags":[],"class_list":["post-314347","post","type-post","status-publish","format-standard","has-post-thumbnail","hentry","category-vijesti"],"_links":{"self":[{"href":"https:\/\/www.pcnen.com\/portal\/wp-json\/wp\/v2\/posts\/314347","targetHints":{"allow":["GET"]}}],"collection":[{"href":"https:\/\/www.pcnen.com\/portal\/wp-json\/wp\/v2\/posts"}],"about":[{"href":"https:\/\/www.pcnen.com\/portal\/wp-json\/wp\/v2\/types\/post"}],"author":[{"embeddable":true,"href":"https:\/\/www.pcnen.com\/portal\/wp-json\/wp\/v2\/users\/1"}],"replies":[{"embeddable":true,"href":"https:\/\/www.pcnen.com\/portal\/wp-json\/wp\/v2\/comments?post=314347"}],"version-history":[{"count":4,"href":"https:\/\/www.pcnen.com\/portal\/wp-json\/wp\/v2\/posts\/314347\/revisions"}],"predecessor-version":[{"id":314352,"href":"https:\/\/www.pcnen.com\/portal\/wp-json\/wp\/v2\/posts\/314347\/revisions\/314352"}],"wp:featuredmedia":[{"embeddable":true,"href":"https:\/\/www.pcnen.com\/portal\/wp-json\/wp\/v2\/media\/314350"}],"wp:attachment":[{"href":"https:\/\/www.pcnen.com\/portal\/wp-json\/wp\/v2\/media?parent=314347"}],"wp:term":[{"taxonomy":"category","embeddable":true,"href":"https:\/\/www.pcnen.com\/portal\/wp-json\/wp\/v2\/categories?post=314347"},{"taxonomy":"post_tag","embeddable":true,"href":"https:\/\/www.pcnen.com\/portal\/wp-json\/wp\/v2\/tags?post=314347"}],"curies":[{"name":"wp","href":"https:\/\/api.w.org\/{rel}","templated":true}]}}