{"id":313830,"date":"2021-02-11T14:51:35","date_gmt":"2021-02-11T13:51:35","guid":{"rendered":"https:\/\/www.pcnen.com\/portal\/?p=313830"},"modified":"2021-02-11T14:51:35","modified_gmt":"2021-02-11T13:51:35","slug":"moneta-za-potkusurivanje","status":"publish","type":"post","link":"https:\/\/www.pcnen.com\/portal\/2021\/02\/11\/moneta-za-potkusurivanje\/","title":{"rendered":"Moneta za potkusurivanje"},"content":{"rendered":"<p>Krajem decembra 2019. godine, kada je u Skup\u0161tini usvajan sporni Zakon o slobodi vjeroispovjesti ili uvjerenja i pravnom polo\u017eaju vjerskih zajednica, poslanici Demokratskog fronta su obe\u0107ali da \u0107e se samospaliti ako se on usvoji, \u0161to je bilo njihovo li\u010dno (demokratsko!) pravo na protest &#8211; koje nijesu iskoristili. Umjesto toga, napravili su lo\u0161e izre\u017eiranu cirkusku predstavu sa lomljenjem (na\u0161ih) lap-topova, fingirane \u00a0tu\u010de \u2013 \u0161to nije demokratsko pravo. Prije toga su uputili prijetnju kroz usta Andrije Mandi\u0107a da se taj Zakon ti\u010de isklju\u010divo pravoslavaca u Crnoj Gori, uz o\u0161tro i prijete\u0107e upozorenje muslimanima da se ne mije\u0161aju, jer to nije njihova, ve\u0107 isklju\u010divo pravoslavna stvar. Na fa\u0161isti\u010dko tra\u017eenje eliminacije nacionalno-vjerske zajednice iz odlu\u010divanja u Skup\u0161tini, koja \u010dini 15% stanovni\u0161tva Crne Gore, niko nije reagovao.<\/p>\n<p>Ta\u010dno godinu dana kasnije, kada je biv\u0161a opozicija postala vlast, ponovo se glasalo o tom zakonu, tj.njegovim izmjenama, onako kako je to tra\u017eila Crkva \u2013 pobjednik parlamentarnih izbora. Poslanik URA-e, Ad\u017ei\u0107, nije htio ili smio da glasa navedene izmjene, na brzinu je napravljena rotacija u njihovom poslani\u010dkom klubu, i na njegovo mjesto je postavljena Suada Zoronji\u0107, koja je islamske vjeroispovjesti. Njen glas je bio presudan za usvajanje zakona. Tako su oni kojima je bilo zabranjeno i zaprije\u0107eno da se ne mije\u0161aju \u201eu pravoslavne stvari\u201c, dali presudan glas zakonu, za koji se, deklarativno bar, najvi\u0161e zalagao onaj politi\u010dki savez koji im je zabranio da imaju mi\u0161ljenje i stav o njemu, a kamoli da presudno uti\u010du na njegovo dono\u0161enje.<\/p>\n<p>Nema tih pritisaka, tog novca, te naredbe \u201ecentrale\u201c, te politi\u010dke ili li\u010dne koristi, koji bi mene natjerali \u2013 da sam kojim slu\u010dajem poslanik u Skup\u0161tini, da, poslije Mandi\u0107evog upozorenje i prijetnje, glasam za Zakon. Osim ako bi kleknuo na koljenja i uputio javno izvinjenje. Tako se bori protiv fa\u0161izma, a dr\u017ei do dostojanstva. Kako li\u010dnog, tako nacionalnog.<\/p>\n<p>U novoj vlasti manjine su eliminisane, na nivou su statisti\u010dke gre\u0161ke, a namje\u0161tenja su rezervisana uglavnom za srpske nacionaliste i u\u010desnike ili podr\u017eavaoce litija. Na tu o\u010diglednost reagovao je potpredsjednik Vlade, Abazovi\u0107, javno &#8211; i vjerujem nesvjesno, pljunuo na manjine, izjavom da \u0107e na njih misliti u drugom krugu namje\u0161tenja.<\/p>\n<p>Od pobjede na izborima biv\u0161e opozicije a sada\u0161nje vlasti, incidenti i provokacije prema nacionalnim manjinama, tj. Bo\u0161njacima su redovna pojava. Nova vlast i njeni podr\u017eavaoci uvijek i istog trenutka okrive \u201eudbu\u201c i staru vlast za to: bez adekvatnih istraga, opipljivih \u010dinjenica, bez nala\u017eenja po\u010dinioca i bilo kakvih postupaka. Tako je i predlog Savjeta u Beranama da ulica u tom gradu dobije ime osu\u0111enog ratnog zlo\u010dinca Mladi\u0107a progla\u0161ena djelovanjem udbe, na koje je nasjela \u010dak i Evropska unija, osudiv\u0161i takav naum.<\/p>\n<p>I ja mislim da je ve\u0107ina nacionalisti\u010dkih ispada i divljanja djelo stare vlasti, ali da je bilo i onih koje u napravili simpatizeri nove ve\u0107ine, ohrabreni upravo retorikom nove Vlade i namje\u0161tenjima u njoj. Nije moje da o tome mislim, prosu\u0111ujem i naga\u0111am. Vlast je du\u017ena i obavezna da na\u0111e po\u010dinioce incidenata i privede ih pravdi, a ne da manjine, Bo\u0161njaci prije svih, budu moneta za potkusurivanje u prljavim politi\u010dkiim igrama vlasti i opozicije.<\/p>\n<p>Da aktuelna vlast nema odnos prema manjinama takav kakav ima, \u201eudba\u201c i pora\u017eeni na izborima \u2013 ako oni to rade, jednostavno ne bi mogli nacionalisti\u010dko-\u0161ovinisti\u010dkim ispadima prikupljati politi\u010dke poene i naklonost dijela doma\u0107e, a prije svega inostrane javnosti. Odabirom kadrova, uspostavljenim javnim diskursom, teokratskim nastupima i ideolo\u0161kom jednosmjerno\u0161\u0107u, bez zastupljenosti manjina u izvr\u0161noj vlasti, ona je dala izvanrednu podlogu njenim protivnicima da preko le\u0111a nacionalnih manjina i manipulacijama na njihov ra\u010dun, druga strana politi\u010dki profitira.<\/p>\n<p>A da nema politi\u010dke volje, znanja ili hrabrosti, da se one institucionalno za\u0161tite od provokacija i prijetnji, mo\u017eda najbolje pokazuje prekju\u010dera\u0161nji slu\u010daj.<\/p>\n<p>Reis Fejzi\u0107 je objavio tvit u kome je ustvrdio da je na ogradi Osmanagi\u0107a d\u017eamije osvanuo iscrtan krst sa \u010detiri ocila. Buru u javnosti je jo\u0161 vi\u0161e digla vijest u kojoj je Neboj\u0161a Babovi\u0107, funkcioner Demokrata, iznio tvrdnju da taj krst postoji na tom mjestu od 2016. godine, pozivaju\u0107i se na Google mapu iz tog perioda. Dok su mre\u017ee kipjele od nacionalisti\u010dkog vrije\u0111anja i me\u0111unacionalnog optu\u017eivanja, policija i istra\u017eni organi su po obi\u010daju hibernirali. Sjutradan, poslije incidenta, rano ujutro sam napisao pismo ministru policije, tra\u017ee\u0107i da se problem rije\u0161i na jednostavan, brz i efikasan na\u010din. Zahtijevao sam od njega da po\u0161alje forenzi\u010dare, koji bi odmah mogli utvrditi da li je farba na natpisu skora\u0161nja ili je stara nekoliko godina, te da se zatim pokrene postupak protiv onog ko je iznio neistine i uzbunio javnost: bio to reis Fejzi\u0107 ili Neboj\u0161a Babovi\u0107.<\/p>\n<p>Ministar se, normalno, nije udostojio odgovora, niti je, vjerujem, policija preduzimala bilo kave radnje.<\/p>\n<p>Istovremeno sam poslao mejl sa novinarskim pitanjima na adresu Islamske zajednice Crne Gore, iz kojeg bi se \u2013 da je odgovor dobijen, nedvosmisleno utvrdilo ko je iznio nesitine u ovom slu\u010daju.<\/p>\n<p>Umjesto odgovora IZ, popodne je reis Fejzi\u0107 dao izjavu kako prihvata \u201eli\u010dni propust\u201c, indirektno priznaju\u0107i da je obmanuo javnost. Nastalo je op\u0161te likovanje i vrije\u0111anje u nacionalisti\u010dkim krugovima, a vjerski poglavar muslimana je samo jo\u0161 vi\u0161e poja\u010dao kolektivnu sumnju prema njima &#8211; po difoltu sumnjivih ve\u0107ini gra\u0111ana Crne Gore.<\/p>\n<p>Vlast je i dalje nijemo posmatrala, umjesto da su istog momenta nadle\u017eni organi priveli reisa Fejzi\u0107a radi uzimanja izjave i pokretanja postupka protiv njega, zbog \u0161irenja la\u017enih vijesti kojima se izaziva panika i nered.<\/p>\n<p>Tako se \u0161tite prava manjina i svih drugih, te pokazuje snaga pravne dr\u017eava, jer zakon mora biti jednak za sve; bio u pitanju reis, mitropolit, ministar, premijer, poslanik ili obi\u010dan gra\u0111anin. Uporedo sa ovim de\u0161avanjima, d\u017eamija u Nik\u0161i\u0107u je postala grafitima ispisana turska Srebrenica, za \u0161to se je opet istog momenta znao krivac, a to je, jelte, udba, iako po\u010dinitelji nijesu na\u0111eni, niti \u0107e se, po obi\u010daju, na\u0107i.<\/p>\n<p>Zato onaj krst sa \u010detiti ocila koji je godinama stajao na ogradi Osmanagi\u0107a d\u017eamije nikog nije uzbu\u0111ivao. \u010citam na mre\u017eama izjave mnogih prijatelja koji ka\u017eu da ga uop\u0161te nijesu primje\u0107ivali, tj. da su ga godinama gledali kako stoji tu iscrtan, ali da nijesu obra\u0107ali pa\u017enju na to.<\/p>\n<p>Znate li za\u0161to?<\/p>\n<p>Zato jer je nenormalnost kod nas odavno postala normalnost.<\/p>\n","protected":false},"excerpt":{"rendered":"<p>Pi\u0161e: Omer \u0160ARKI\u0106<\/p>\n","protected":false},"author":12,"featured_media":286086,"comment_status":"open","ping_status":"closed","sticky":false,"template":"","format":"standard","meta":{"_seopress_robots_primary_cat":"","_seopress_titles_title":"","_seopress_titles_desc":"","_seopress_robots_index":"","_et_pb_use_builder":"","_et_pb_old_content":"","_et_gb_content_width":"","inline_featured_image":false,"footnotes":""},"categories":[17],"tags":[],"class_list":["post-313830","post","type-post","status-publish","format-standard","has-post-thumbnail","hentry","category-blogovi"],"_links":{"self":[{"href":"https:\/\/www.pcnen.com\/portal\/wp-json\/wp\/v2\/posts\/313830","targetHints":{"allow":["GET"]}}],"collection":[{"href":"https:\/\/www.pcnen.com\/portal\/wp-json\/wp\/v2\/posts"}],"about":[{"href":"https:\/\/www.pcnen.com\/portal\/wp-json\/wp\/v2\/types\/post"}],"author":[{"embeddable":true,"href":"https:\/\/www.pcnen.com\/portal\/wp-json\/wp\/v2\/users\/12"}],"replies":[{"embeddable":true,"href":"https:\/\/www.pcnen.com\/portal\/wp-json\/wp\/v2\/comments?post=313830"}],"version-history":[{"count":3,"href":"https:\/\/www.pcnen.com\/portal\/wp-json\/wp\/v2\/posts\/313830\/revisions"}],"predecessor-version":[{"id":313833,"href":"https:\/\/www.pcnen.com\/portal\/wp-json\/wp\/v2\/posts\/313830\/revisions\/313833"}],"wp:featuredmedia":[{"embeddable":true,"href":"https:\/\/www.pcnen.com\/portal\/wp-json\/wp\/v2\/media\/286086"}],"wp:attachment":[{"href":"https:\/\/www.pcnen.com\/portal\/wp-json\/wp\/v2\/media?parent=313830"}],"wp:term":[{"taxonomy":"category","embeddable":true,"href":"https:\/\/www.pcnen.com\/portal\/wp-json\/wp\/v2\/categories?post=313830"},{"taxonomy":"post_tag","embeddable":true,"href":"https:\/\/www.pcnen.com\/portal\/wp-json\/wp\/v2\/tags?post=313830"}],"curies":[{"name":"wp","href":"https:\/\/api.w.org\/{rel}","templated":true}]}}