{"id":313259,"date":"2021-02-03T18:08:02","date_gmt":"2021-02-03T17:08:02","guid":{"rendered":"https:\/\/www.pcnen.com\/portal\/?p=313259"},"modified":"2021-02-03T18:08:02","modified_gmt":"2021-02-03T17:08:02","slug":"godisnjica-2","status":"publish","type":"post","link":"https:\/\/www.pcnen.com\/portal\/2021\/02\/03\/godisnjica-2\/","title":{"rendered":"Godi\u0161njica"},"content":{"rendered":"<p>Ju\u010de su se navr\u0161ile dvije godine od po\u010detka gra\u0111anskih protesta Odupri se. Pokrenula ih je grupa gra\u0111ana zbog op\u0161te korupcije i plja\u010dke, nepostojanja pravne dr\u017eave, neslobodnih izbora, zarobljenih institucija, a inicijalna kapilasla je bila afere Koverta, snimak na kome se vidi kako biv\u0161i gradona\u010delnik Podgorice, biv\u0161i ministar sporta, a zatim prosvjete, prima koverat sa 97.500 eura u cilju kupovine glasova na izborima. Posva\u0111ana opozicija je poslije objelodanjivanja snimka kalkulisala, pla\u0161e\u0107i se da ona pokrene proteste, uprkos ogor\u010denju i buntu koji su bili\u00a0 evidentni. Sav otpor opozicije na prikazani video snimak kao neoborivi dokaz op\u0161te korupcije najvi\u0161ih dr\u017eavnih funkcionera i \u201ebiznismena\u201c, svodio se na izdavanje jalovih i dosadnih saop\u0161tenja.<\/p>\n<p>Organizatorima protesta, njima \u0161est, od kojih se neki me\u0111usobno nijesu poznavali do tada, bio je cilj da za prvi protest okupe 97 gra\u0111ana, sa 97 simboli\u010dnih koverti. Do\u0161lo ih je nekoliko stotina. Tada smo ve\u0107 znali da \u0107e naredni protest biti toliko masovan, da bez sredstava, prostorija, materijalno-tehni\u010dke podr\u0161ke i\u00a0 \u0161ire organizacije, proteste jednostavno ne\u0107emo mo\u0107i voditi i odr\u017eati. Tek tada je opozicija, jo\u0161 uvijek dosta sumnji\u010davo, i zavidno \u2013 rekao bih, obe\u0107ala da \u0107e materijalno-tehni\u010dki pomo\u0107i proteste. Re\u017eimska ma\u0161inerija se trgla, u njoj su vo\u0111e protesta postali sumnjivci i izdajnici, neprijatelji dr\u017eave i sveop\u0161teg napretka, a protesti su u njihovoj propagandi bili podstaknuti od strane Istoka (Rusije) i po instrukcijama DF-a. Upravo onog DF-a koji je u njima vidio najve\u0107u prijetnju po svoj samonametnuti status \u201ejedine prave opozicije\u201c, te se shodno tome i pona\u0161ao.<\/p>\n<p>&nbsp;<\/p>\n<p>Poslije tre\u0107eg protesta, po najhladnijem danu te zime, kada se lice prosto ledilo, vjetar nemilosrdno \u0161ibao, a na rukama se i preko rukavica smrzavali prsti, okupilo se nekoliko hiljada ljudi. \u00a0Po takvoj elementarnoj nepogodi, uz toliki broj gra\u0111ana na protestu, bilo je svima jasno da je biv\u0161em re\u017eimu, ogrezlom u korupciji i bahatosti do\u0161ao kraj i, da vlada isklju\u010divo zahvaljuju\u0107i sili, kra\u0111i, posva\u0111anoj i nesposobnoj opoziciji. Grogiranog boksera ja samo trebalo gurnuti sa ringa, ali nije imao ko.<\/p>\n<p><img loading=\"lazy\" decoding=\"async\" class=\"aligncenter size-full wp-image-313276\" src=\"https:\/\/www.pcnen.com\/portal\/wp-content\/uploads\/2021\/02\/Odupri-se-treci-put-1.jpg\" alt=\"\" width=\"640\" height=\"480\" \/><\/p>\n<p>Malo kasnije, uradi\u0107e to crkva umjesto opozicije, na \u010delu sa pokojnim mitropolitom Amfilohijem &#8211; nesumnjivim auteritetom me\u0111u ve\u0107inom pravoslavnog stanovni\u0161tva, koji je istovremeno zbog svojih javnih izjava i kletvi, bio jednako omra\u017een \u2013 koliko i na prvoj strani voljen, kod dijela nacionalnih Crnogoraca i prakti\u010dno svih muslimana. Vlast proistekle iz takve promjene, koju je diktirala Crkva, sa svojim ljudima u novoj Vladi, jednostavno nije mogla biti op\u0161teprihva\u0107ena, sve da su se premijer, pojedini ministri i savjetnici klonili povremeno neprimjerenih izjava i \u010dinjenja, a nijesu.<\/p>\n<p>Protesti Odupri se su bili ne\u0161to potpuno neubi\u010dajno za \u201eprimitivni\u201c Blakan, \u201ejo\u0161 primitivniju\u201c Crnu Goru, a ujedno primjer gra\u0111anskih protesta i za samu \u201ecivilizovanu\u201c Evropu. Umjesto lomljava i tu\u010da, mahanja zastavama, bukanja i arlaukanja, sukoba sa policijom &#8211; vladala je atmosfera op\u0161teg oslobo\u0111enja, radosti, dru\u017eenja. Umjesto lica iskrivljenih i izobli\u010denih od gnijeva, vidjeli su se osmijesi sre\u0107e, uz nepokolebljivu volju i inat. Umjesto permanentnih uvreda(mada je bilo i njih) na ra\u010dun vladaju\u0107e politi\u010dke kaste, re\u017eim je izvrgnut ironiji i podsmijehu. Nacionalno, politi\u010dko i vjersko opredijeljenje niko nije pominjao, uprkos poku\u0161ajima onih koji na tome grade politi\u010dke karijere, partijski rejting i biznis, da ga nametnu. Protesti su postali mjesto dru\u017eenja, dobre muzike, humora, \u0161etnje, osje\u0107aja potpune slobode, perfomansa i inovacija, uz masovnost nevi\u0111enu do tada.<\/p>\n<p>Organizatori, rastrgnuti izme\u0111u strahova, za sve njih do tada nevi\u0111ene odgovornosti, svakodnevnog petnaesto\u010dasovnog rada na pripremi protesta; uticaja i poku\u0161aja uticaja, nagle slave ili li\u010dnih dokazivanja, pravili su gre\u0161ke, stvaralo se me\u0111usobno nepovjerenje i sumnji\u010denje, \u0161to je, gledaju\u0107i sa ove distance, bilo normalno. Me\u0111utim, nijedna krucijalna gre\u0161ka nije napravljena, a osnova na kojoj su postavljeni ciljevi protesta je bila, mogu re\u0107i besprekorna. Vlada gra\u0111anskoj jedinstva \u010diji bi mandat trajao jednu godinu, \u00a0sastavljena na paritetnoj osnovi od tada\u0161nje vlasti, opozicije i nestrana\u010dkih li\u010dnosti, garantovala je mirnu tranziciju, bez velikih potresa i revan\u0161izma. Bio je to spas, kako za DPS tako \u201eza dr\u017eavu\u201c &#8211; onu istu dr\u017eavu za koju su stalno \u201eginuli i ginu\u201c. Me\u0111utim, pla\u0107ene turbopatriote su preko nacionalnog Javnog servisa i privatnih, paradr\u017eavnih medija, ispalili kompletan arsenal propagandnog oru\u017eja protiv gra\u0111ana, optu\u017euju\u0107i ih za sve i sva\u0161ta, tako da su se na protestnim litijama koje su uslijedile poslije ga\u0161enja gra\u0111anskih protesta mogli samo jalovo, ponekad i smije\u0161no ponavljati.<\/p>\n<p>Poslije svega, dobili smo to \u0161to smo dobili &#8211; jo\u0161 vi\u0161e podijeljenu Crnu Goru u kojem nacionalizam &#8211; etni\u010dki i vjerski, prosto buja. Vladu, prema kojoj je skoro polovina gra\u0111ana neprijateljski raspolo\u017eena, iz koje su manjine potpuno isklju\u010dene. Dr\u017eavnu upravu koja sve slabije funkcioni\u0161e, jer ona bukvalno ne\u00a0 mo\u017ee funkcionisati u ovom prelaznom periodu kako treba, bez onog dijela DPS kadrova koji je stru\u010dan a nekorumpiran.<\/p>\n<p>Sve sam sigurniji, da, kako vrijeme vi\u0161e bude odmicalo, iz godine u godinu, gra\u0111ani \u0107e se sa sve vi\u0161e nostalgije sje\u0107ati protesta Odupri se, kao mo\u017eda poslednje nade za sveop\u0161te pomirenje i ozdravljenje, uprkos tome \u0161to, kako nova vladaju\u0107a ve\u0107ina, tako sada\u0161nja opozicija \u2013 svako iz svojih razloga, \u017eele da iz sje\u0107anja gra\u0111ana izbri\u0161u te proteste, smje\u0161taju\u0107i ih u kolektivni zaborav.<\/p>\n","protected":false},"excerpt":{"rendered":"<p>Pi\u0161e:Omer \u0160ARKI\u0106<\/p>\n","protected":false},"author":12,"featured_media":286086,"comment_status":"open","ping_status":"closed","sticky":false,"template":"","format":"standard","meta":{"_seopress_robots_primary_cat":"","_seopress_titles_title":"","_seopress_titles_desc":"","_seopress_robots_index":"","_et_pb_use_builder":"","_et_pb_old_content":"","_et_gb_content_width":"","inline_featured_image":false,"footnotes":""},"categories":[17],"tags":[],"class_list":["post-313259","post","type-post","status-publish","format-standard","has-post-thumbnail","hentry","category-blogovi"],"_links":{"self":[{"href":"https:\/\/www.pcnen.com\/portal\/wp-json\/wp\/v2\/posts\/313259","targetHints":{"allow":["GET"]}}],"collection":[{"href":"https:\/\/www.pcnen.com\/portal\/wp-json\/wp\/v2\/posts"}],"about":[{"href":"https:\/\/www.pcnen.com\/portal\/wp-json\/wp\/v2\/types\/post"}],"author":[{"embeddable":true,"href":"https:\/\/www.pcnen.com\/portal\/wp-json\/wp\/v2\/users\/12"}],"replies":[{"embeddable":true,"href":"https:\/\/www.pcnen.com\/portal\/wp-json\/wp\/v2\/comments?post=313259"}],"version-history":[{"count":3,"href":"https:\/\/www.pcnen.com\/portal\/wp-json\/wp\/v2\/posts\/313259\/revisions"}],"predecessor-version":[{"id":313277,"href":"https:\/\/www.pcnen.com\/portal\/wp-json\/wp\/v2\/posts\/313259\/revisions\/313277"}],"wp:featuredmedia":[{"embeddable":true,"href":"https:\/\/www.pcnen.com\/portal\/wp-json\/wp\/v2\/media\/286086"}],"wp:attachment":[{"href":"https:\/\/www.pcnen.com\/portal\/wp-json\/wp\/v2\/media?parent=313259"}],"wp:term":[{"taxonomy":"category","embeddable":true,"href":"https:\/\/www.pcnen.com\/portal\/wp-json\/wp\/v2\/categories?post=313259"},{"taxonomy":"post_tag","embeddable":true,"href":"https:\/\/www.pcnen.com\/portal\/wp-json\/wp\/v2\/tags?post=313259"}],"curies":[{"name":"wp","href":"https:\/\/api.w.org\/{rel}","templated":true}]}}