{"id":312939,"date":"2021-01-29T21:43:43","date_gmt":"2021-01-29T20:43:43","guid":{"rendered":"https:\/\/www.pcnen.com\/portal\/?p=312939"},"modified":"2021-01-29T21:43:43","modified_gmt":"2021-01-29T20:43:43","slug":"dr-begovic-betoniranje-toloske-sume-je-losa-odluka","status":"publish","type":"post","link":"https:\/\/www.pcnen.com\/portal\/2021\/01\/29\/dr-begovic-betoniranje-toloske-sume-je-losa-odluka\/","title":{"rendered":"Dr Begovi\u0107: Betoniranje Tolo\u0161ke \u0161ume je lo\u0161a odluka"},"content":{"rendered":"<p>\u201cUrbani djelovi gradova poput Stokholma, Kopenhagena, Osla ili Be\u010da, ljubomorno \u010duvaju zelene povr\u0161ine. To nije slu\u010daj sa Podgoricom u du\u017eem vremenskom intervalu. Od devastacije brda Gorica pre\u0161lo se na Tolo\u0161ku \u0161umu. Va\u0161a ideja da se, u okviru privatno-javnog partnerstva, betonira Tolo\u0161ka \u0161uma je lo\u0161a odluka. Podsjetio bih vas ovom prilikom da se u neposrednoj blizini, na potezu izme\u0111u \u0161kola \u2018Radojica Perovi\u0107\u2019 i \u2018\u0160tampar Makarije\u2019 (unutar blokova), nalaze ve\u0107 izgra\u0111eni sportsko-rekreativni sadr\u017eaji. Razumije se, isti su prili\u010dno zapu\u0161teni (za\u0161to su zapu\u0161teni?), ali daju neophodni osnov za izgradnju ko\u0161arka\u0161kog\/rukometnog ili terena za mali fudbal ili druge sportsko-rekreativne sadr\u017eaje\u201d, napisao je Begovi\u0107 u zahtjevu gradona\u010delniku Podgorice.<\/p>\n<p>Begovi\u0107 je, kada su trim staze, u pitanju, pomenuo primjer grada Stokholma.<\/p>\n<p>\u201cU urbanim, gradskim \u010detvrtima postoje tartan staze za tr\u010danje, ali kada se radi o parkovima, tu su izri\u010diti. Dakle, gradi se samo od prirodnog materijala, tj. Bez betoniranja i uni\u0161tavanja \u017eivotne sredine. Tako\u0111e, teretane ili drugi sadr\u017eaji se izra\u0111uju od odr\u017eivog materijala\u201d, napisao je Begovi\u0107 i zaklju\u010dio: \u201cDr\u017eavni\u010dki je odustati od lo\u0161eg projekta\u201d.<\/p>\n","protected":false},"excerpt":{"rendered":"<p>Civilni aktivista dr Marko Begovi\u0107 je zatra\u017eio od gradona\u010delnik Podgorice Ivana Vukovi\u0107a da glavni grad odustane od \u00a0ideje da se betoniraju staze u Tolo\u0161koj \u0161umi.<\/p>\n","protected":false},"author":1,"featured_media":312940,"comment_status":"open","ping_status":"closed","sticky":false,"template":"","format":"standard","meta":{"_seopress_robots_primary_cat":"","_seopress_titles_title":"","_seopress_titles_desc":"","_seopress_robots_index":"","_et_pb_use_builder":"","_et_pb_old_content":"","_et_gb_content_width":"","inline_featured_image":false,"footnotes":""},"categories":[14],"tags":[],"class_list":["post-312939","post","type-post","status-publish","format-standard","has-post-thumbnail","hentry","category-vijesti"],"_links":{"self":[{"href":"https:\/\/www.pcnen.com\/portal\/wp-json\/wp\/v2\/posts\/312939","targetHints":{"allow":["GET"]}}],"collection":[{"href":"https:\/\/www.pcnen.com\/portal\/wp-json\/wp\/v2\/posts"}],"about":[{"href":"https:\/\/www.pcnen.com\/portal\/wp-json\/wp\/v2\/types\/post"}],"author":[{"embeddable":true,"href":"https:\/\/www.pcnen.com\/portal\/wp-json\/wp\/v2\/users\/1"}],"replies":[{"embeddable":true,"href":"https:\/\/www.pcnen.com\/portal\/wp-json\/wp\/v2\/comments?post=312939"}],"version-history":[{"count":1,"href":"https:\/\/www.pcnen.com\/portal\/wp-json\/wp\/v2\/posts\/312939\/revisions"}],"predecessor-version":[{"id":312941,"href":"https:\/\/www.pcnen.com\/portal\/wp-json\/wp\/v2\/posts\/312939\/revisions\/312941"}],"wp:featuredmedia":[{"embeddable":true,"href":"https:\/\/www.pcnen.com\/portal\/wp-json\/wp\/v2\/media\/312940"}],"wp:attachment":[{"href":"https:\/\/www.pcnen.com\/portal\/wp-json\/wp\/v2\/media?parent=312939"}],"wp:term":[{"taxonomy":"category","embeddable":true,"href":"https:\/\/www.pcnen.com\/portal\/wp-json\/wp\/v2\/categories?post=312939"},{"taxonomy":"post_tag","embeddable":true,"href":"https:\/\/www.pcnen.com\/portal\/wp-json\/wp\/v2\/tags?post=312939"}],"curies":[{"name":"wp","href":"https:\/\/api.w.org\/{rel}","templated":true}]}}