{"id":312827,"date":"2021-01-28T13:21:13","date_gmt":"2021-01-28T12:21:13","guid":{"rendered":"https:\/\/www.pcnen.com\/portal\/?p=312827"},"modified":"2021-01-28T18:19:02","modified_gmt":"2021-01-28T17:19:02","slug":"udbaske-price","status":"publish","type":"post","link":"https:\/\/www.pcnen.com\/portal\/2021\/01\/28\/udbaske-price\/","title":{"rendered":"Udba\u0161ke pri\u010de"},"content":{"rendered":"<p>Od novog direktora ANB-a, ovih dana smo saznali da su nezakonito prislu\u0161kivani gra\u0111ani, te da je poslije smjene vlasti dokumentacija o tome spaljivana na \u017dabljaku. Direktor Vuk\u0161i\u0107 je obznanio ono \u0161to smo svi predpostavljali da se radilo, jer ANB &#8211; ili kako je mi volimo nazvati \u201eudba\u201c, nije bila slu\u017eba za za\u0161titu dr\u017eave i gra\u0111ana, ve\u0107 slu\u017eba za za\u0161titu vladaju\u0107e partije; za ucjene i pra\u0107enje opozicionara, novinara, gra\u0111anskih aktivista, te slu\u017eba koja je usko povezana sa mafijom i svim vrstama kriminalnih poslova, prije svega onih najprofitabilnijih i najkrimanalnijih, kao \u0161to su \u0161verc narkotika i duvana.<\/p>\n<p>Biv\u0161a opozicija a sada\u0161nja vlast je svako malo prozivala udbu, za sve joj je bila kriva udba, a svaki kriti\u010dan ton prema njima &#8211; i kriti\u010dara, automatski bi progla\u0161avali udba\u0161em. U tome je prednja\u010dio vje\u010diti, sveznaju\u0107i poslanik Medojevi\u0107, jer je uvijek imao informacije iz sredi\u0161te \u201eudbe\u201c &#8211; \u00a0\u201eod po\u0161tenih udba\u0161a koji samo njemu vjeruju i dostavljaju povjerljive informacije\u201c.<\/p>\n<p>Iako nam je, kao \u0161to ve\u0107 rekoh, ANB doista bila udba u onom kolokvijalnom zna\u010denju, ona je, osim \u0161to je radila najprljavije poslove za vladaju\u0107e strukture, bila i optu\u017euju\u0107a batina biv\u0161e opozicije protiv slobodnih gra\u0111ana i kriti\u010dara.<\/p>\n<p>Poslije promjene vlasti pompezno nam je obe\u0107ana lustracija i pravo na uvid u tajne dosije-e. U tim obe\u0107anjima je prednja\u010dio potpredsjednik Vlade Dritan Abazovi\u0107, zadu\u017een za bezbjedonosni sektor, koji se nerijetko poziva na svoju \u010dast i po\u0161tenje.<\/p>\n<p>\u010cast i po\u0161tenje su kategorija koje se u Crnoj Gori svako malo rabe, na koje se skoro svi pozivaju, pa zato i imamo Primjere \u010dojstva i juna\u0161tva od Marka Miljanova, jer su to, o\u010digledno, bili upravo rijetki primjeri. Dugogodi\u0161nji poslanik crnogorskog parlamenta Branko Radulovi\u0107 se svako malo u svojim izlaganjima poziva na svoj obraz, \u010dast i po\u0161tenje, a onda \u010dasno i po\u0161teno, \u010dim se formirala nova vlast &#8211; \u010diji je dio, k\u0107erka mu postane direktorka KBC-a, snaha savjetnica potpredsjednice Skup\u0161tine, a zli jezicu ka\u017eu da je sina planirao za direktora Aerodroma Crne Gore. \u010casno i po\u0161teno od Radulovi\u0107a &#8211; kao \u0161to se je na sastanku pokreta Odupri se i tada\u0161nje opozicije zakleo u svoju \u010dasnu rije\u010d \u201ea cijela Crna Gora zna \u0161to zna\u010di \u010dasna rije\u010d Branka Radulovi\u0107a\u201c &#8211; da ne\u0107e prisustvovati sjednicama parlamenta, tek nakon eventualno osu\u0111ujuju\u0107e presude za dr\u017eavni udar. \u010casno i po\u0161teno, DF i Branko Radulovi\u0107, samo \u010detiri dana nakon tog sastanka i obe\u0107anja, u\u0161li su u parlament da bi raspravljali o Zakonu o kozmetici.<\/p>\n<p>Paralele me odvede\u0161e od glavne teme, a to je \u201eudba\u201c, povezana sa mojom \u010da\u0161\u0107u i po\u0161tenjem. \u0110e svi Turci, tu i mali Omer(Mujo). Kako i ja volim da branim svoju \u010dast, iako nijesam poslanik niti potpredsjednik Vlade, pozivaju\u0107i se na obe\u0107anja nove vlasti i li\u010dno potpredsjednika Abazovi\u0107a, dana 09.12.2020. godine, tri dana nakon konstituisanja Vlade, uputio sam mu dopis zaveden pod brojem 03-5392, u kome tra\u017eim da mi se omogu\u0107i uvid u \u201eudbin\u201c dosije o sebi, jer sam apsolutno siguran da on postoji. U dopisu sam naveo da sam kao javna li\u010dnost i gra\u0111anski aktivista svako malo optu\u017eivan od biv\u0161e opozicija a sada\u0161nje vlasti da sam udba\u0161, te da \u017eelim da otklonim takve sumnje, a da unaprijed dajem odobrenje &#8211; bez prava na tu\u017ebu, da se svi kompromituju\u0107i podaci o meni, iz dosijea, javno obznane.<\/p>\n<p>Potpredsjednik Vlade Abazovi\u0107 je o\u010digledno smatrao da je moja \u010dast apsolutno nebitna \u2013 bitna je samo njegova, te se ni mjesec ipo dana nakon zahtjeva nije udostojio da mi preko sekretara, savjetnika ili \u0161efa kabineta po\u0161alje bilo kakav odgovor.<\/p>\n<p>U me\u0111uvremenu je izabran novi direktor Agencije za nacionalnu bezbjednost, nove \u201edemokratske i narodne Vlade\u201c \u2013 kako voli re\u0107i premijer, koji se uvijek poziva na volju naroda, nikad na volju gra\u0111ana. Po njegovom imenovanju, odmah sam poslao mejl na adresu direktorovog kabineta sa istim zahtjevom. Od tada je pro\u0161ao rok od razumnih 15 dana &#8211; odgovor nijesam dobio.<\/p>\n<p>Toliko o transparetnosti nove Vlade, otvaranju dosijea i pravu da svaki gra\u0111anin izvr\u0161i uvid u njega, pravu onih koji su sigurni da su pra\u0107eni i prislu\u0161kivani(a pouzdano znam da sam prislu\u0161kivan i fizi\u010dki pra\u0107en izvjesno vrijeme dok su trajali protesti Odupri se), te pravu gra\u0111ana da skinu sumnju sa sebe da su \u201eudba\u0161i\u201c.<\/p>\n<p>Ako pri svemu uzmemo u obzir da sam se sa potrpedsjednikom Vlade li\u010dno znao i jedno vrijeme sara\u0111ivao(iako je moj zahtjev bio apsolutno slu\u017eben i u slu\u017ebenom tonu), da sam prepoznat u javnosti kao neko ko lako ne odustaje od ostvarivanja svojih prava i ko je spreman da to bez pardona iznese u javnost, a nova vlast o\u010digledno vr\u0161i opsrtukciju tog mog prava i datog obe\u0107anja, poku\u0161ajte zamisliti koliko \u0107e ta nova, \u201enarodna\u201c vlast &#8211; koja se kune da \u0107e biti servis gra\u0111ana, imati sluha za neke va\u0161e opravdane, ili manje opravdane zahtjeve.<\/p>\n<p><em><strong>Va\u017ena napomena:<\/strong> Tekst &#8220;Udba\u0161ke pri\u010de&#8221; je pisan sino\u0107,\u00a0 27.01.2021. godine, a zavr\u0161en justros prije podne, kada je poslat redakciji PCNEN-a. Neposredno po slanju teksta redakciji, dok je on jo\u0161 bio na odobrenju i redigovanju, autoru je putem mejla, od strane ANB-a stiglo Obavje\u0161tenje da premu njemu nijesu preduzimane mjere prikupljanja podataka, to jest da ne postoje dokumenta o prikupljenim podacima koji bi mi mogli biti stavljeni na uvid.<\/em><\/p>\n","protected":false},"excerpt":{"rendered":"<p>Pi\u0161e; Omer \u0160ARKI\u0106<\/p>\n","protected":false},"author":12,"featured_media":286086,"comment_status":"open","ping_status":"closed","sticky":false,"template":"","format":"standard","meta":{"_seopress_robots_primary_cat":"","_seopress_titles_title":"","_seopress_titles_desc":"","_seopress_robots_index":"","_et_pb_use_builder":"","_et_pb_old_content":"","_et_gb_content_width":"","inline_featured_image":false,"footnotes":""},"categories":[17],"tags":[],"class_list":["post-312827","post","type-post","status-publish","format-standard","has-post-thumbnail","hentry","category-blogovi"],"_links":{"self":[{"href":"https:\/\/www.pcnen.com\/portal\/wp-json\/wp\/v2\/posts\/312827","targetHints":{"allow":["GET"]}}],"collection":[{"href":"https:\/\/www.pcnen.com\/portal\/wp-json\/wp\/v2\/posts"}],"about":[{"href":"https:\/\/www.pcnen.com\/portal\/wp-json\/wp\/v2\/types\/post"}],"author":[{"embeddable":true,"href":"https:\/\/www.pcnen.com\/portal\/wp-json\/wp\/v2\/users\/12"}],"replies":[{"embeddable":true,"href":"https:\/\/www.pcnen.com\/portal\/wp-json\/wp\/v2\/comments?post=312827"}],"version-history":[{"count":8,"href":"https:\/\/www.pcnen.com\/portal\/wp-json\/wp\/v2\/posts\/312827\/revisions"}],"predecessor-version":[{"id":312864,"href":"https:\/\/www.pcnen.com\/portal\/wp-json\/wp\/v2\/posts\/312827\/revisions\/312864"}],"wp:featuredmedia":[{"embeddable":true,"href":"https:\/\/www.pcnen.com\/portal\/wp-json\/wp\/v2\/media\/286086"}],"wp:attachment":[{"href":"https:\/\/www.pcnen.com\/portal\/wp-json\/wp\/v2\/media?parent=312827"}],"wp:term":[{"taxonomy":"category","embeddable":true,"href":"https:\/\/www.pcnen.com\/portal\/wp-json\/wp\/v2\/categories?post=312827"},{"taxonomy":"post_tag","embeddable":true,"href":"https:\/\/www.pcnen.com\/portal\/wp-json\/wp\/v2\/tags?post=312827"}],"curies":[{"name":"wp","href":"https:\/\/api.w.org\/{rel}","templated":true}]}}