{"id":312153,"date":"2021-01-18T13:00:19","date_gmt":"2021-01-18T12:00:19","guid":{"rendered":"https:\/\/www.pcnen.com\/portal\/?p=312153"},"modified":"2021-01-18T13:00:19","modified_gmt":"2021-01-18T12:00:19","slug":"danas-istice-rok-za-dolazak-ambasadora-u-cg","status":"publish","type":"post","link":"https:\/\/www.pcnen.com\/portal\/2021\/01\/18\/danas-istice-rok-za-dolazak-ambasadora-u-cg\/","title":{"rendered":"Danas isti\u010de rok za dolazak ambasadora u CG"},"content":{"rendered":"<p>Danas isti\u010de rok za dolazak svih diplomatsko-konzularnih predstavnika koje je Ministarstvo spoljnih poslova Crne Gore pozvalo da se vrate u zemlju radi odr\u017eavanja konsultacija.<\/p>\n<p>Ministarstvo je ju\u010de saop\u0161tilo da neodazivanje na konsultacije bez opravdanog razloga predstavlja te\u017eu povredu slu\u017ebene du\u017enosti.<\/p>\n<p>Iz tog resora su naveli da se konsultacije odr\u017eavaju od danas, \u0161to u praksi zna\u010di da su ambasadori obavezni da do tada doputuju u Crnu Goru.<\/p>\n<blockquote><p>Portal Antena M je ju\u010de objavio da<a href=\"https:\/\/www.pcnen.com\/portal\/2021\/01\/17\/sedam-ambasadora-crne-gore-ne-dolazi-na-konsultacije-u-podgoricu\/\"> na konsultacije nec\u0301e doc\u0301i ambasadori<\/a> Neboj\u0161a Kalu\u0111erovic\u0301 (SAD), Darko Pajovic\u0301 (Kina), Vera Kuli\u0161 (Njema\u010dka), Ivan Ivani\u0161evic\u0301 (Francuska), Sanja Vlahovic\u0301 (Italija), Miodrag Vlahovic\u0301 (Vatikan) i \u017deljko Perovic\u0301 (Austrija).<\/p>\n<p>Pozivajuc\u0301i se na neimenovane izvore, portal navodi da su razlozi nedolaska \u0161est ambasadora razli\u010diti \u2014 od zdravstvenih, do problema sa avio-linijama, zakomplikovanih epidemiolo\u0161kim mjerama zbog kojih mnoge dr\u017eave poo\u0161travaju re\u017eim putovanja.<\/p><\/blockquote>\n","protected":false},"excerpt":{"rendered":"<p>Ministarstvo je ju\u010de saop\u0161tilo da neodazivanje na konsultacije bez opravdanog razloga predstavlja te\u017eu povredu slu\u017ebene du\u017enosti<\/p>\n","protected":false},"author":1,"featured_media":281850,"comment_status":"open","ping_status":"closed","sticky":false,"template":"","format":"standard","meta":{"_seopress_robots_primary_cat":"","_seopress_titles_title":"","_seopress_titles_desc":"","_seopress_robots_index":"","_et_pb_use_builder":"","_et_pb_old_content":"","_et_gb_content_width":"","inline_featured_image":false,"footnotes":""},"categories":[14],"tags":[],"class_list":["post-312153","post","type-post","status-publish","format-standard","has-post-thumbnail","hentry","category-vijesti"],"_links":{"self":[{"href":"https:\/\/www.pcnen.com\/portal\/wp-json\/wp\/v2\/posts\/312153","targetHints":{"allow":["GET"]}}],"collection":[{"href":"https:\/\/www.pcnen.com\/portal\/wp-json\/wp\/v2\/posts"}],"about":[{"href":"https:\/\/www.pcnen.com\/portal\/wp-json\/wp\/v2\/types\/post"}],"author":[{"embeddable":true,"href":"https:\/\/www.pcnen.com\/portal\/wp-json\/wp\/v2\/users\/1"}],"replies":[{"embeddable":true,"href":"https:\/\/www.pcnen.com\/portal\/wp-json\/wp\/v2\/comments?post=312153"}],"version-history":[{"count":1,"href":"https:\/\/www.pcnen.com\/portal\/wp-json\/wp\/v2\/posts\/312153\/revisions"}],"predecessor-version":[{"id":312155,"href":"https:\/\/www.pcnen.com\/portal\/wp-json\/wp\/v2\/posts\/312153\/revisions\/312155"}],"wp:featuredmedia":[{"embeddable":true,"href":"https:\/\/www.pcnen.com\/portal\/wp-json\/wp\/v2\/media\/281850"}],"wp:attachment":[{"href":"https:\/\/www.pcnen.com\/portal\/wp-json\/wp\/v2\/media?parent=312153"}],"wp:term":[{"taxonomy":"category","embeddable":true,"href":"https:\/\/www.pcnen.com\/portal\/wp-json\/wp\/v2\/categories?post=312153"},{"taxonomy":"post_tag","embeddable":true,"href":"https:\/\/www.pcnen.com\/portal\/wp-json\/wp\/v2\/tags?post=312153"}],"curies":[{"name":"wp","href":"https:\/\/api.w.org\/{rel}","templated":true}]}}