{"id":312078,"date":"2021-01-17T12:44:33","date_gmt":"2021-01-17T11:44:33","guid":{"rendered":"https:\/\/www.pcnen.com\/portal\/?p=312078"},"modified":"2021-01-17T12:46:41","modified_gmt":"2021-01-17T11:46:41","slug":"sedam-ambasadora-crne-gore-ne-dolazi-na-konsultacije-u-podgoricu","status":"publish","type":"post","link":"https:\/\/www.pcnen.com\/portal\/2021\/01\/17\/sedam-ambasadora-crne-gore-ne-dolazi-na-konsultacije-u-podgoricu\/","title":{"rendered":"Sedam ambasadora Crne Gore ne dolazi na konsultacije u Podgoricu"},"content":{"rendered":"<p>U Podgorici bi <a href=\"https:\/\/www.pcnen.com\/portal\/2019\/11\/26\/mvp-ambasadori-pozvani-na-razgovor\/\">sjutra trebalo da budu odr\u017eane konsultacije<\/a> sa ambasadorima Crne Gore, a prema navodima portala Antene M, sedmoro se nec\u0301e pojaviti na sastanku u Ministarstvu spoljnih poslova.<\/p>\n<p>Na konsultacije nec\u0301e doc\u0301i ambasadori Neboj\u0161a Kalu\u0111erovic\u0301 (SAD), Darko Pajovic\u0301 (Kina), Vera Kuli\u0161 (Njema\u010dka), Ivan Ivani\u0161evic\u0301 (Francuska), Sanja Vlahovic\u0301 (Italija), Miodrag Vlahovic\u0301 (Vatikan) i \u017deljko Perovic\u0301 (Austrija).<\/p>\n<p>Pozivajuc\u0301i se na neimenovane izvore, portal navodi da su razlozi nedolaska \u0161est ambasadora razli\u010diti \u2014 od zdravstvenih, do problema sa avio-linijama, zakomplikovanih epidemiolo\u0161kim mjerama zbog kojih mnoge dr\u017eave poo\u0161travaju re\u017eim putovanja.<\/p>\n<p>Nakon odbijanja predsjednika Crne Gore da opozove sedam ambasadora, Vlada Zdravka Krivokapic\u0301a poslala je depe\u0161u svim ambasadorima (ukupno 34) da 18. januara do\u0111u u Podgoricu na konsultacije. U naredbi diplomatama stoji da je potrebno da rezervi\u0161u kartu samo u jednom smjeru.<\/p>\n<p>\u201eU planiranju putovanja, potrebno je rezervisati karte za dolazak u Crnu Goru, dok c\u0301ete o detaljima povratka biti naknadno informisani\u201c, stoji u depe\u0161i koju je crnogorska Vlada uputila svim \u0161efovima crnogorskih diplomatsko-konzularnih predstavni\u0161tava.<\/p>\n<p>Ministarstvo spoljnih poslova Crne Gore je saop\u0161tilo<a href=\"https:\/\/www.pcnen.com\/portal\/2021\/01\/04\/dukanovic-nijesu-se-stekli-uslovi-za-opoziv-ambasadora\/\"> da \u0110ukanovic\u0301 odbijanjem da potpi\u0161e opoziv sedam<\/a> ambasadora opstrui\u0161e Vladu u sprovo\u0111enju Ustavom odre\u0111enih nadle\u017enosti koja se ti\u010du kreiranja i vo\u0111enja spoljne politike zemlje.<\/p>\n","protected":false},"excerpt":{"rendered":"<p>Na konsultacije nec\u0301e doc\u0301i ambasadori Neboj\u0161a Kalu\u0111erovic\u0301 (SAD), Darko Pajovic\u0301 (Kina), Vera Kuli\u0161 (Njema\u010dka), Ivan Ivani\u0161evic\u0301 (Francuska), Sanja Vlahovic\u0301 (Italija), Miodrag Vlahovic\u0301 (Vatikan) i \u017deljko Perovic\u0301 (Austrija)<\/p>\n","protected":false},"author":1,"featured_media":312079,"comment_status":"open","ping_status":"closed","sticky":false,"template":"","format":"standard","meta":{"_seopress_robots_primary_cat":"","_seopress_titles_title":"","_seopress_titles_desc":"","_seopress_robots_index":"","_et_pb_use_builder":"","_et_pb_old_content":"","_et_gb_content_width":"","inline_featured_image":false,"footnotes":""},"categories":[14],"tags":[],"class_list":["post-312078","post","type-post","status-publish","format-standard","has-post-thumbnail","hentry","category-vijesti"],"_links":{"self":[{"href":"https:\/\/www.pcnen.com\/portal\/wp-json\/wp\/v2\/posts\/312078","targetHints":{"allow":["GET"]}}],"collection":[{"href":"https:\/\/www.pcnen.com\/portal\/wp-json\/wp\/v2\/posts"}],"about":[{"href":"https:\/\/www.pcnen.com\/portal\/wp-json\/wp\/v2\/types\/post"}],"author":[{"embeddable":true,"href":"https:\/\/www.pcnen.com\/portal\/wp-json\/wp\/v2\/users\/1"}],"replies":[{"embeddable":true,"href":"https:\/\/www.pcnen.com\/portal\/wp-json\/wp\/v2\/comments?post=312078"}],"version-history":[{"count":2,"href":"https:\/\/www.pcnen.com\/portal\/wp-json\/wp\/v2\/posts\/312078\/revisions"}],"predecessor-version":[{"id":312081,"href":"https:\/\/www.pcnen.com\/portal\/wp-json\/wp\/v2\/posts\/312078\/revisions\/312081"}],"wp:featuredmedia":[{"embeddable":true,"href":"https:\/\/www.pcnen.com\/portal\/wp-json\/wp\/v2\/media\/312079"}],"wp:attachment":[{"href":"https:\/\/www.pcnen.com\/portal\/wp-json\/wp\/v2\/media?parent=312078"}],"wp:term":[{"taxonomy":"category","embeddable":true,"href":"https:\/\/www.pcnen.com\/portal\/wp-json\/wp\/v2\/categories?post=312078"},{"taxonomy":"post_tag","embeddable":true,"href":"https:\/\/www.pcnen.com\/portal\/wp-json\/wp\/v2\/tags?post=312078"}],"curies":[{"name":"wp","href":"https:\/\/api.w.org\/{rel}","templated":true}]}}