{"id":311960,"date":"2021-01-15T13:46:53","date_gmt":"2021-01-15T12:46:53","guid":{"rendered":"https:\/\/www.pcnen.com\/portal\/?p=311960"},"modified":"2021-01-15T13:57:47","modified_gmt":"2021-01-15T12:57:47","slug":"mans-i-dalje-tajna-sta-je-predsjednik-dukanovic-radio-u-parizu","status":"publish","type":"post","link":"https:\/\/www.pcnen.com\/portal\/2021\/01\/15\/mans-i-dalje-tajna-sta-je-predsjednik-dukanovic-radio-u-parizu\/","title":{"rendered":"MANS: I dalje tajna \u0161ta je predsjednik \u0110ukanovi\u0107 radio u Parizu"},"content":{"rendered":"<p>\u201cPoklanjaju\u0107i puno povjerenje iskazu \u0110ukanovi\u0107a da su povod za kori\u0161\u0107enje dr\u017eavnog aviona bili \u2018sastanci sa odre\u0111enim stepenom tajnosti\u2019, ASK je, bez provo\u0111enja dodatnih dokaza, utvrdila da predsjednik Crne Gore nije prekr\u0161io Zakon o sprje\u010davanju korupcije\u201d, konstatuje Milovac.<\/p>\n<p>U saop\u0161tenju se podsje\u0107a na to da je predsjednik Crne Gore Milo \u0110ukanovi\u0107 krajem 2019. godine koristio dr\u017eavni Lear Jet, registarskih oznaka 4O-MNE na letu do Pariza, odakle je putovanje nastavio za Majami gdje je proveo novogodi\u0161nje praznike. Po povratku iz Majamija, dr\u017eavni avion je ponovo poslat iz Podgorice za Pariz kako bi se \u0110ukanovi\u0107 vratio u Crnu Goru.<\/p>\n<p>\u201cU svojoj odluci ASK se poziva i na rje\u0161enje Specijalnog dr\u017eanog tu\u017eioca (SDT) o odba\u010daju krivi\u010dne prijave koju je MANS protiv \u0110ukanovi\u0107a podnio po\u010detkom pro\u0161le godine. U rje\u0161enju SDT-a se samo navodi da je Generalni sekretarijat Vlade Crne Gore izdao odobrenje za kori\u0161\u0107enje dr\u017eavnog aviona i citiraju zakonske odredbe koje reguli\u0161u kori\u0161\u0107enje tog vazduhoplova, bez ulaska u provjeru istinitosti navoda da li je let za Pariz zaista bio u slu\u017ebene svrhe.<\/p>\n<p>ASK nije cijenila to \u0161to je dr\u017eavni avion nakon \u2018slu\u017ebenih sastanaka\u2019 u Parizu vra\u0107en u Crnu Goru, te da je, nakon \u0161to se \u0110ukanovi\u0107 vratio iz Majamija, ponovo poslat u Pariz po njega. Sve i da se zaista radilo o slu\u017ebenom putu u Pariz, nesporno je \u0110ukanovi\u0107eva odluka da novogodi\u0161nje praznike provede u SAD, dodatno ko\u0161tala crnogorske gra\u0111ane u vidu naknadnih letova dr\u017eavnog aviona za Pariz\u201d, ocjenjuje Milovac u saop\u0161tenju.<\/p>\n<p>Milovac zaklju\u010duje da direktorica AKS-a Jelene Perovi\u0107 \u201csvojim odlukama nastavlja praksu svog prethodnika koja za cilj ima apsolutnu za\u0161titu \u0110ukanovi\u0107a od bilo kakvog zakonskog procesuiranja\u201d.<\/p>\n<p>\u201cO tome svjedo\u010di i to \u0161to je MANS prijavu protiv \u0110ukanovi\u0107a ASK-u podnio jo\u0161 u februaru pro\u0161le godine, da bi odluku Perovi\u0107eva donijela tek skoro godinu dana nakon toga, postupaju\u0107i kako se navodi u rje\u0161enju \u2018po slu\u017ebenoj du\u017enosti\u2019.<\/p>\n<p>Radi se o apsolutnoj neistini i poku\u0161aju stvaranja privida da je ovo tijelo nezavisno i samostalno u radu, dok na\u017ealost zapravo i sa novom direktoricom nastavlja da bude jedna od prepreka za odr\u017eivu borbu protiv korupcije i konflikta interesa\u201d, zaklju\u0107uje Milovac.<\/p>\n<p>&nbsp;<\/p>\n<blockquote>\n<h2><strong>\u0160ta su nadle\u017enosti predsjednika Crne Gore prema Ustavu<\/strong><\/h2>\n<p>\u010clan 955)<\/p>\n<p>Predsjednik Crne Gore:<\/p>\n<p>1) predstavlja Crnu Goru u zemlji i inostranstvu;<\/p>\n<p>2) komanduje Vojskom na osnovu odluka Savjeta za odbranu i bezbjednost;<\/p>\n<p>3) ukazom progla\u0161ava zakone;<\/p>\n<p>4) raspisuje izbore za Skup\u0161tinu;<\/p>\n<p>5) predla\u017ee Skup\u0161tini: mandatara za sastav Vlade, nakon obavljenog razgovora sa predstavnicima politi\u010dkih partija zastupljenih u Skup\u0161tini; dvoje sudija Ustavnog suda i za\u0161titnika ljudskih prava i sloboda;<\/p>\n<p>6) postavlja i opoziva ambasadore i \u0161efove drugih diplomatskih predstavni\u0161tava Crne Gore u inostranstvu, na predlog Vlade i uz mi\u0161ljenje odbora Skup\u0161tine nadle\u017enog za me\u0111unarodne odnose;<\/p>\n<p>7) prima akreditivna i opozivna pisma stranih diplomatskih predstavnika;<\/p>\n<p>8) dodjeljuje odlikovanja i priznanja Crne Gore;<\/p>\n<p>9) daje pomilovanja;<\/p>\n<p>10) vr\u0161i i druge poslove utvr\u0111ene Ustavom ili zakonom.<\/p>\n<p><strong>Vezani tekstovi:<\/strong><\/p>\n<p><a href=\"https:\/\/www.pcnen.com\/portal\/2020\/02\/01\/javnost-uskracena-za-odgovor-na-pitanje-da-li-je-predsjednik-crne-gore-letio-privatno-za-javne-pare\/\">Javnost uskra\u0107ena za odgovor na pitanje da li je predsjednik Crne Gore letio privatno za javne pare<\/a><\/p>\n<p><a href=\"https:\/\/www.pcnen.com\/portal\/2020\/02\/04\/dukanovic-prijavljen-nadleznima-zbog-sumnje-za-zloupotrebu-drzavnog-aviona-2\/\">\u0110ukanovi\u0107 prijavljen nadle\u017enima zbog sumnje za zloupotrebu dr\u017eavnog aviona<\/a><\/p>\n<div class=\"blog-naslov\" align=\"left\">\n<p><a href=\"https:\/\/www.pcnen.com\/portal\/2020\/03\/13\/ura-prozvala-dukanovica-za-zloupotrebu-drzavnih-resursa\/\">URA prozvala \u0110ukanovi\u0107a za zloupotrebu dr\u017eavnih resursa<\/a><\/p>\n<\/div>\n<p><strong>\u00a0<\/strong><\/p><\/blockquote>\n","protected":false},"excerpt":{"rendered":"<p>Pro\u0161logodi\u0161nji let predsjednika Mila \u0110ukanovi\u0107a dr\u017eavnim avionom za Pariz i dalje ostaje tajna za gra\u0111ane Crne Gore, sada zahvaljuju\u0107i i odluci Agencije za spje\u010davanje korupcije (ASK) koji potpisuje njena direktorica, Jelena Perovi\u0107, saop\u0161tio je direktor Istra\u017eiva\u010dkog centra Mre\u017ee za afirmaciju nevladinog sektora (MANS) Dejan Milovac.<\/p>\n","protected":false},"author":1,"featured_media":0,"comment_status":"open","ping_status":"closed","sticky":false,"template":"","format":"standard","meta":{"_seopress_robots_primary_cat":"","_seopress_titles_title":"","_seopress_titles_desc":"","_seopress_robots_index":"","_et_pb_use_builder":"","_et_pb_old_content":"","_et_gb_content_width":"","inline_featured_image":false,"footnotes":""},"categories":[14],"tags":[],"class_list":["post-311960","post","type-post","status-publish","format-standard","hentry","category-vijesti"],"_links":{"self":[{"href":"https:\/\/www.pcnen.com\/portal\/wp-json\/wp\/v2\/posts\/311960","targetHints":{"allow":["GET"]}}],"collection":[{"href":"https:\/\/www.pcnen.com\/portal\/wp-json\/wp\/v2\/posts"}],"about":[{"href":"https:\/\/www.pcnen.com\/portal\/wp-json\/wp\/v2\/types\/post"}],"author":[{"embeddable":true,"href":"https:\/\/www.pcnen.com\/portal\/wp-json\/wp\/v2\/users\/1"}],"replies":[{"embeddable":true,"href":"https:\/\/www.pcnen.com\/portal\/wp-json\/wp\/v2\/comments?post=311960"}],"version-history":[{"count":3,"href":"https:\/\/www.pcnen.com\/portal\/wp-json\/wp\/v2\/posts\/311960\/revisions"}],"predecessor-version":[{"id":311963,"href":"https:\/\/www.pcnen.com\/portal\/wp-json\/wp\/v2\/posts\/311960\/revisions\/311963"}],"wp:attachment":[{"href":"https:\/\/www.pcnen.com\/portal\/wp-json\/wp\/v2\/media?parent=311960"}],"wp:term":[{"taxonomy":"category","embeddable":true,"href":"https:\/\/www.pcnen.com\/portal\/wp-json\/wp\/v2\/categories?post=311960"},{"taxonomy":"post_tag","embeddable":true,"href":"https:\/\/www.pcnen.com\/portal\/wp-json\/wp\/v2\/tags?post=311960"}],"curies":[{"name":"wp","href":"https:\/\/api.w.org\/{rel}","templated":true}]}}