{"id":311260,"date":"2021-01-04T13:50:58","date_gmt":"2021-01-04T12:50:58","guid":{"rendered":"https:\/\/www.pcnen.com\/portal\/?p=311260"},"modified":"2021-01-04T13:50:58","modified_gmt":"2021-01-04T12:50:58","slug":"nesto-izmedu","status":"publish","type":"post","link":"https:\/\/www.pcnen.com\/portal\/2021\/01\/04\/nesto-izmedu\/","title":{"rendered":"Ne\u0161to izme\u0111u"},"content":{"rendered":"<p>U staroj godini je do\u0161lo do prve, \u201eistorijske\u201c smjene vlasti. U Novoj \u0107e, \u010dini mi se, do\u0107i do njene smjene na vanrednim izborima, te do nove preraspodjele politi\u010dke mo\u0107i i snaga.<\/p>\n<p>Dugo o\u010dekivani pad prethodnog, tridesetogodi\u0161njeg re\u017eima, iznenadio je sve: vje\u010ditu opoziciju, vje\u010ditu vlast, opozicione glasa\u010de. Pobjedni\u010dka euforija se pretvorila u nacionalisti\u010dku, za koju je nova vlast odmah na\u0161la krivca u \u201eudbi\u201c i staroj vlasti. Od te, nenadne pobjede, nova i nespremna parlamentarna ve\u0107ina za sva nesnala\u017eenje i sopstvene gre\u0161ke krivca nalazi u prethodnoj. Tako \u0107e biti i ubudu\u0107e, u to sam apsolutno ubije\u0111en.<\/p>\n<p>Nova ve\u0107ina i premijer nalaze se u samo kod nas mogu\u0107oj situaciji. Naj\u017ee\u0161\u0107a opozicija su joj oni kojima je novi premijer bio nosilac liste, a ne pora\u017eeni DPS. Demokrate retori\u010dki kao podr\u017eavaju Vladu i premijera, ali je njihovo nezadovoljstvo o\u010digledno, pogotovu kadrovskim rje\u0161enjima u njoj. Jedino URA, na \u010delu sa Abazovi\u0107em, daje bezrezervnu podr\u0161ku novom premijeru i Vladi. Tako \u201enajgra\u0111anskija\u201c partija u Crnoj Gori, sa najmanjim brojem mandata, jedina u punom kapacitetu daje podr\u0161ku vjersko \u2013 fundamentalisti\u010dkoj, jednovjerskoj Vladi, i premijeru teokrati, \u0161to je nonsens nad nonsensima, mogu\u0107 samo u zemlji \u010duda kakva je Crna Gora. URA i Abazovi\u0107 su od sumnjivaca postali politi\u010dki idoli ve\u0107ine prosrpskog bira\u010dkog tijela, a proku\u017eeni izdajnici ve\u0107ine procrngorskog dijela glasa\u010da i prakti\u010dno kompletnog korpusa nacionalnih manjina.<\/p>\n<p>Me\u0111utim, nova Vlada ima podr\u0161ku naroda, a \u201edok je narod uz nas, Vlada je sigurna i stabilna\u201c &#8211; svako malo \u0107e ponavljati i ponavlja populisti\u010dki premijer, kojem se pojam gra\u0111anin tek ponekad omakne. \u201eNarod i narodna volja\u201c su krajem 80-tih skupo ko\u0161tale \u00a0Srbiju i Crnu Goru, kasnije i ostale. Na nju su se u po\u010detku svoje vladavine \u2013 ni\u0161ta manje nego Krivokapi\u0107 sada, pozivali \u0110ukanovi\u0107 i Bulatovi\u0107. I njima je prva najava bila rasprodaja onda\u0161njeg, tada vi\u0161e nego skromnog dr\u017eavnog voznog parka, kao \u0161to je to Krivokapi\u0107u.<\/p>\n<p>Rasprodaja Majbaha i voznog parka ne\u0107e spasiti ekonomiju dr\u017eave, niti novi, sumnjivi, iako neophodni kredit, ve\u0107 vizija, programi, rad i \u0161tednja, uz op\u0161e gra\u0111ansko jedinstvo i podr\u0161ku, koju nova Vlada nema.<\/p>\n<p>Ona je uistinu naslijedila haos u dr\u017eavi i dr\u017eavnoj kasi, ali, osim pomenutih planova, da bi i\u0161li naprijed i i\u0161\u010dupali se iz tog haosa, potrebno je, pored tanke parlamentarne ve\u0107ine, gra\u0111ansko jedinstvo i povjerenje; politika koja bi bila \u201ene\u0161to izme\u0111u\u201c agresivnog sprskog i vjerskog nacionalizma sa jedne, i crnogorskog tzv. nacional-patriotizma sa druge strane. Nova ve\u0107ina, umjesto da gradi povjerenje i na\u0111e balans, radi sve suprotno. Izborom ministara u novoj Vladi, dr\u017eavnih sekretara, savjetnika, \u0161efova kabineta, potparola&#8230; favorizovana je jedna vjera, jedna nacija, jedan nacionalizam, jedan politi\u010dki i vjerski pogled, dok su svi ostali marginalizovani ili potpuno isklju\u010deni. Tako se polako stvara antivladin front i ogor\u010denje identi\u010dno onome koji je generisala pro\u0161la vlast, samo ovaj put na suprotnoj strani. Taj front \u010dine nacionalni Crnogorci i pripadnici manjina &#8211; skoro bez izuzetka. Nepo\u010dinstva prethodnog re\u017eima i poku\u0161aj da njegovi najprokazaniji i najomra\u017eeniji ljudi stanu na njegovo \u010delo, zasad su jedina prepreka objedinjavanju i zajedni\u010dkom djelovanju tih antivladinih snaga.<\/p>\n<p>Predstoje\u0107e Badnje ve\u010de i Bo\u017ei\u0107, najbolje \u0107e pokazati dubinu podjela, koje jeste generisala prethodna vlast, ali ih nova samo produbljuje.<\/p>\n<p>Da je bilo pameti, tolerancije i razumijevanja od strane nove vlasti, predstoje\u0107i vjerski praznik bi, onako kako treba i dolikuje, bio praznik razumijevenja i pomirenja, ne samo pravoslavne ve\u0107ine ve\u0107 svih njenih gra\u0111ana.<\/p>\n<p>Garant istinskih promjena, napretka i stabilnosti mo\u017ee donijeti samo Vlada koju ogromna ve\u0107ina do\u017eivljava kao svoju, ne samo jedna\u00a0 njena plovina kao \u0161to je to bio slu\u010daj u\u00a0 prethodnom periodu.<\/p>\n","protected":false},"excerpt":{"rendered":"<p>Autor: Omer \u0160ARKI\u0106<\/p>\n","protected":false},"author":12,"featured_media":286086,"comment_status":"open","ping_status":"closed","sticky":false,"template":"","format":"standard","meta":{"_seopress_robots_primary_cat":"","_seopress_titles_title":"","_seopress_titles_desc":"","_seopress_robots_index":"","_et_pb_use_builder":"","_et_pb_old_content":"","_et_gb_content_width":"","inline_featured_image":false,"footnotes":""},"categories":[17],"tags":[],"class_list":["post-311260","post","type-post","status-publish","format-standard","has-post-thumbnail","hentry","category-blogovi"],"_links":{"self":[{"href":"https:\/\/www.pcnen.com\/portal\/wp-json\/wp\/v2\/posts\/311260","targetHints":{"allow":["GET"]}}],"collection":[{"href":"https:\/\/www.pcnen.com\/portal\/wp-json\/wp\/v2\/posts"}],"about":[{"href":"https:\/\/www.pcnen.com\/portal\/wp-json\/wp\/v2\/types\/post"}],"author":[{"embeddable":true,"href":"https:\/\/www.pcnen.com\/portal\/wp-json\/wp\/v2\/users\/12"}],"replies":[{"embeddable":true,"href":"https:\/\/www.pcnen.com\/portal\/wp-json\/wp\/v2\/comments?post=311260"}],"version-history":[{"count":3,"href":"https:\/\/www.pcnen.com\/portal\/wp-json\/wp\/v2\/posts\/311260\/revisions"}],"predecessor-version":[{"id":311265,"href":"https:\/\/www.pcnen.com\/portal\/wp-json\/wp\/v2\/posts\/311260\/revisions\/311265"}],"wp:featuredmedia":[{"embeddable":true,"href":"https:\/\/www.pcnen.com\/portal\/wp-json\/wp\/v2\/media\/286086"}],"wp:attachment":[{"href":"https:\/\/www.pcnen.com\/portal\/wp-json\/wp\/v2\/media?parent=311260"}],"wp:term":[{"taxonomy":"category","embeddable":true,"href":"https:\/\/www.pcnen.com\/portal\/wp-json\/wp\/v2\/categories?post=311260"},{"taxonomy":"post_tag","embeddable":true,"href":"https:\/\/www.pcnen.com\/portal\/wp-json\/wp\/v2\/tags?post=311260"}],"curies":[{"name":"wp","href":"https:\/\/api.w.org\/{rel}","templated":true}]}}